{"id":59937,"date":"2025-11-28T08:57:38","date_gmt":"2025-11-28T07:57:38","guid":{"rendered":"https:\/\/cla.unipv.it\/?p=59937"},"modified":"2025-11-28T08:57:38","modified_gmt":"2025-11-28T07:57:38","slug":"59937","status":"publish","type":"post","link":"https:\/\/cla.unipv.it\/?p=59937","title":{"rendered":""},"content":{"rendered":"<h3>AVVISO Dott. Stefan Andressohn<\/h3>\n<p>CENTRO LINGUISTICO<br \/>\nCorso di Laurea in Lingue e Culture Moderne<br \/>\nAttivit\u00e0 CEL di <b> LINGUA TEDESCA 1 e 2 <\/b><br \/>\n1\u00b0 semestre <\/p>\n<p>Si avvisano gli studenti che l&#8217;attivit\u00e0 in aula <\/p>\n<p>Si informa che, a causa dello sciopero interurbano, la lezione prevista per oggi, 28 novembre, non avr\u00e0 luogo.<\/p>\n<p>Il recupero della lezione \u00e8 programmato per la settimana successiva. Ulteriori dettagli sull\u2019orario e sull\u2019aula verranno comunicati tempestivamente.<\/p>\n","protected":false},"excerpt":{"rendered":"<p>AVVISO Dott. Stefan Andressohn CENTRO LINGUISTICO Corso di Laurea in Lingue e Culture Moderne Attivit\u00e0 CEL di LINGUA TEDESCA 1 e 2 1\u00b0 semestre Si avvisano gli studenti che l&#8217;attivit\u00e0 in aula Si informa che, a causa dello sciopero interurbano, la lezione prevista per oggi, 28 novembre, non avr\u00e0 luogo. Il recupero della lezione \u00e8&#8230;<\/p>\n","protected":false},"author":21,"featured_media":0,"comment_status":"closed","ping_status":"open","sticky":false,"template":"","format":"standard","meta":[],"categories":[17],"tags":[],"_links":{"self":[{"href":"https:\/\/cla.unipv.it\/index.php?rest_route=\/wp\/v2\/posts\/59937"}],"collection":[{"href":"https:\/\/cla.unipv.it\/index.php?rest_route=\/wp\/v2\/posts"}],"about":[{"href":"https:\/\/cla.unipv.it\/index.php?rest_route=\/wp\/v2\/types\/post"}],"author":[{"embeddable":true,"href":"https:\/\/cla.unipv.it\/index.php?rest_route=\/wp\/v2\/users\/21"}],"replies":[{"embeddable":true,"href":"https:\/\/cla.unipv.it\/index.php?rest_route=%2Fwp%2Fv2%2Fcomments&post=59937"}],"version-history":[{"count":1,"href":"https:\/\/cla.unipv.it\/index.php?rest_route=\/wp\/v2\/posts\/59937\/revisions"}],"predecessor-version":[{"id":59938,"href":"https:\/\/cla.unipv.it\/index.php?rest_route=\/wp\/v2\/posts\/59937\/revisions\/59938"}],"wp:attachment":[{"href":"https:\/\/cla.unipv.it\/index.php?rest_route=%2Fwp%2Fv2%2Fmedia&parent=59937"}],"wp:term":[{"taxonomy":"category","embeddable":true,"href":"https:\/\/cla.unipv.it\/index.php?rest_route=%2Fwp%2Fv2%2Fcategories&post=59937"},{"taxonomy":"post_tag","embeddable":true,"href":"https:\/\/cla.unipv.it\/index.php?rest_route=%2Fwp%2Fv2%2Ftags&post=59937"}],"curies":[{"name":"wp","href":"https:\/\/api.w.org\/{rel}","templated":true}]}}