{"id":59923,"date":"2025-11-26T15:54:44","date_gmt":"2025-11-26T14:54:44","guid":{"rendered":"https:\/\/cla.unipv.it\/?p=59923"},"modified":"2025-11-26T15:54:44","modified_gmt":"2025-11-26T14:54:44","slug":"59923","status":"publish","type":"post","link":"https:\/\/cla.unipv.it\/?p=59923","title":{"rendered":""},"content":{"rendered":"<h3>AVVISO Dott.ssa S. M. Bruno<\/h3>\n<p>DIPARTIMENTO DI SCIENZE POLITICHE E SOCIALI<br \/>\nCorso di Laurea in C.I.M.<br \/>\nAttivit\u00e0 CEL di <b> LINGUA FRANCESE 2 <\/b><br \/>\n1\u00b0 semestre <\/p>\n<p>Si avvisano gli studenti che l&#8217;attivit\u00e0 didattica integrativa in aula <\/p>\n<p>Il corso dedicato al gruppo B (mercoled\u00ec 17.00 &#8211; 18.00) \u00e8 cancellato e sar\u00e0 recuperato in data ulteriore da confermare.<\/p>\n","protected":false},"excerpt":{"rendered":"<p>AVVISO Dott.ssa S. M. Bruno DIPARTIMENTO DI SCIENZE POLITICHE E SOCIALI Corso di Laurea in C.I.M. Attivit\u00e0 CEL di LINGUA FRANCESE 2 1\u00b0 semestre Si avvisano gli studenti che l&#8217;attivit\u00e0 didattica integrativa in aula Il corso dedicato al gruppo B (mercoled\u00ec 17.00 &#8211; 18.00) \u00e8 cancellato e sar\u00e0 recuperato in data ulteriore da confermare.<\/p>\n","protected":false},"author":14,"featured_media":0,"comment_status":"closed","ping_status":"open","sticky":false,"template":"","format":"standard","meta":[],"categories":[17],"tags":[],"_links":{"self":[{"href":"https:\/\/cla.unipv.it\/index.php?rest_route=\/wp\/v2\/posts\/59923"}],"collection":[{"href":"https:\/\/cla.unipv.it\/index.php?rest_route=\/wp\/v2\/posts"}],"about":[{"href":"https:\/\/cla.unipv.it\/index.php?rest_route=\/wp\/v2\/types\/post"}],"author":[{"embeddable":true,"href":"https:\/\/cla.unipv.it\/index.php?rest_route=\/wp\/v2\/users\/14"}],"replies":[{"embeddable":true,"href":"https:\/\/cla.unipv.it\/index.php?rest_route=%2Fwp%2Fv2%2Fcomments&post=59923"}],"version-history":[{"count":1,"href":"https:\/\/cla.unipv.it\/index.php?rest_route=\/wp\/v2\/posts\/59923\/revisions"}],"predecessor-version":[{"id":59924,"href":"https:\/\/cla.unipv.it\/index.php?rest_route=\/wp\/v2\/posts\/59923\/revisions\/59924"}],"wp:attachment":[{"href":"https:\/\/cla.unipv.it\/index.php?rest_route=%2Fwp%2Fv2%2Fmedia&parent=59923"}],"wp:term":[{"taxonomy":"category","embeddable":true,"href":"https:\/\/cla.unipv.it\/index.php?rest_route=%2Fwp%2Fv2%2Fcategories&post=59923"},{"taxonomy":"post_tag","embeddable":true,"href":"https:\/\/cla.unipv.it\/index.php?rest_route=%2Fwp%2Fv2%2Ftags&post=59923"}],"curies":[{"name":"wp","href":"https:\/\/api.w.org\/{rel}","templated":true}]}}