{"id":59824,"date":"2025-10-08T08:27:15","date_gmt":"2025-10-08T06:27:15","guid":{"rendered":"https:\/\/cla.unipv.it\/?p=59824"},"modified":"2025-10-08T08:27:15","modified_gmt":"2025-10-08T06:27:15","slug":"59824","status":"publish","type":"post","link":"https:\/\/cla.unipv.it\/?p=59824","title":{"rendered":""},"content":{"rendered":"<h3>AVVISO Dott.ssa C. Justel<\/h3>\n<p>DIPARTIMENTO DI STUDI UMANISTICI<br \/>\nCorso di Laurea in Lingue e Culture Moderne<br \/>\nAttivit\u00e0 CEL di <b> LINGUA FRANCESE 2 <\/b><br \/>\n1\u00b0 semestre <\/p>\n<p>Si avvisano gli studenti che l&#8217;attivit\u00e0 didattica integrativa in aula <\/p>\n<p>di mercoled\u00ec 8 ottobre 2025 \u00e8 sospesa (grammaire vocabulaire phon\u00e9tique 2 &#8211; gruppi 1 e 2)<\/p>\n","protected":false},"excerpt":{"rendered":"<p>AVVISO Dott.ssa C. Justel DIPARTIMENTO DI STUDI UMANISTICI Corso di Laurea in Lingue e Culture Moderne Attivit\u00e0 CEL di LINGUA FRANCESE 2 1\u00b0 semestre Si avvisano gli studenti che l&#8217;attivit\u00e0 didattica integrativa in aula di mercoled\u00ec 8 ottobre 2025 \u00e8 sospesa (grammaire vocabulaire phon\u00e9tique 2 &#8211; gruppi 1 e 2)<\/p>\n","protected":false},"author":14,"featured_media":0,"comment_status":"closed","ping_status":"open","sticky":false,"template":"","format":"standard","meta":[],"categories":[17],"tags":[],"_links":{"self":[{"href":"https:\/\/cla.unipv.it\/index.php?rest_route=\/wp\/v2\/posts\/59824"}],"collection":[{"href":"https:\/\/cla.unipv.it\/index.php?rest_route=\/wp\/v2\/posts"}],"about":[{"href":"https:\/\/cla.unipv.it\/index.php?rest_route=\/wp\/v2\/types\/post"}],"author":[{"embeddable":true,"href":"https:\/\/cla.unipv.it\/index.php?rest_route=\/wp\/v2\/users\/14"}],"replies":[{"embeddable":true,"href":"https:\/\/cla.unipv.it\/index.php?rest_route=%2Fwp%2Fv2%2Fcomments&post=59824"}],"version-history":[{"count":1,"href":"https:\/\/cla.unipv.it\/index.php?rest_route=\/wp\/v2\/posts\/59824\/revisions"}],"predecessor-version":[{"id":59825,"href":"https:\/\/cla.unipv.it\/index.php?rest_route=\/wp\/v2\/posts\/59824\/revisions\/59825"}],"wp:attachment":[{"href":"https:\/\/cla.unipv.it\/index.php?rest_route=%2Fwp%2Fv2%2Fmedia&parent=59824"}],"wp:term":[{"taxonomy":"category","embeddable":true,"href":"https:\/\/cla.unipv.it\/index.php?rest_route=%2Fwp%2Fv2%2Fcategories&post=59824"},{"taxonomy":"post_tag","embeddable":true,"href":"https:\/\/cla.unipv.it\/index.php?rest_route=%2Fwp%2Fv2%2Ftags&post=59824"}],"curies":[{"name":"wp","href":"https:\/\/api.w.org\/{rel}","templated":true}]}}