{"id":59793,"date":"2025-10-03T09:14:54","date_gmt":"2025-10-03T07:14:54","guid":{"rendered":"https:\/\/cla.unipv.it\/?p=59793"},"modified":"2025-10-03T09:14:54","modified_gmt":"2025-10-03T07:14:54","slug":"59793","status":"publish","type":"post","link":"https:\/\/cla.unipv.it\/?p=59793","title":{"rendered":""},"content":{"rendered":"<h3>AVVISO Dott.ssa M. Mazzuchelli<\/h3>\n<p>DIPARTIMENTO DI STUDI UMANISTICI<br \/>\nCorso di Laurea Magistrale in Filosofia<br \/>\nAttivit\u00e0 CEL di <b> LINGUA SPAGNOLA -a <\/b><br \/>\n1\u00b0 semestre <\/p>\n<p>Si avvisano gli studenti che l&#8217;attivit\u00e0 didattica integrativa in aula <\/p>\n<p>del modulo Lingua Spagnola A (gioved\u00ec 9 ottobre 2025) \u00e8 sospesa. Verr\u00e0 concordata la data e modalit\u00e0 di recupero.<\/p>\n","protected":false},"excerpt":{"rendered":"<p>AVVISO Dott.ssa M. Mazzuchelli DIPARTIMENTO DI STUDI UMANISTICI Corso di Laurea Magistrale in Filosofia Attivit\u00e0 CEL di LINGUA SPAGNOLA -a 1\u00b0 semestre Si avvisano gli studenti che l&#8217;attivit\u00e0 didattica integrativa in aula del modulo Lingua Spagnola A (gioved\u00ec 9 ottobre 2025) \u00e8 sospesa. Verr\u00e0 concordata la data e modalit\u00e0 di recupero.<\/p>\n","protected":false},"author":14,"featured_media":0,"comment_status":"closed","ping_status":"open","sticky":false,"template":"","format":"standard","meta":[],"categories":[17],"tags":[],"_links":{"self":[{"href":"https:\/\/cla.unipv.it\/index.php?rest_route=\/wp\/v2\/posts\/59793"}],"collection":[{"href":"https:\/\/cla.unipv.it\/index.php?rest_route=\/wp\/v2\/posts"}],"about":[{"href":"https:\/\/cla.unipv.it\/index.php?rest_route=\/wp\/v2\/types\/post"}],"author":[{"embeddable":true,"href":"https:\/\/cla.unipv.it\/index.php?rest_route=\/wp\/v2\/users\/14"}],"replies":[{"embeddable":true,"href":"https:\/\/cla.unipv.it\/index.php?rest_route=%2Fwp%2Fv2%2Fcomments&post=59793"}],"version-history":[{"count":1,"href":"https:\/\/cla.unipv.it\/index.php?rest_route=\/wp\/v2\/posts\/59793\/revisions"}],"predecessor-version":[{"id":59794,"href":"https:\/\/cla.unipv.it\/index.php?rest_route=\/wp\/v2\/posts\/59793\/revisions\/59794"}],"wp:attachment":[{"href":"https:\/\/cla.unipv.it\/index.php?rest_route=%2Fwp%2Fv2%2Fmedia&parent=59793"}],"wp:term":[{"taxonomy":"category","embeddable":true,"href":"https:\/\/cla.unipv.it\/index.php?rest_route=%2Fwp%2Fv2%2Fcategories&post=59793"},{"taxonomy":"post_tag","embeddable":true,"href":"https:\/\/cla.unipv.it\/index.php?rest_route=%2Fwp%2Fv2%2Ftags&post=59793"}],"curies":[{"name":"wp","href":"https:\/\/api.w.org\/{rel}","templated":true}]}}