{"id":59786,"date":"2025-10-02T19:04:07","date_gmt":"2025-10-02T17:04:07","guid":{"rendered":"https:\/\/cla.unipv.it\/?p=59786"},"modified":"2025-10-02T19:04:07","modified_gmt":"2025-10-02T17:04:07","slug":"59786","status":"publish","type":"post","link":"https:\/\/cla.unipv.it\/?p=59786","title":{"rendered":""},"content":{"rendered":"<h3>AVVISO Dott. C. A. Jim\u00e9nez Climent<\/h3>\n<p>DIPARTIMENTO DI SCIENZE POLITICHE E SOCIALI<br \/>\nCorso di Laurea in Scienze Politiche<br \/>\nAttivit\u00e0 CEL di <b> LINGUA SPAGNOLA 1 <\/b><br \/>\n1\u00b0 semestre <\/p>\n<p>Si avvisano gli studenti che l&#8217;attivit\u00e0 didattica integrativa in aula <\/p>\n<p>di venerd\u00ec 3 ottobre 2025 \u00e8 stata sospesa (Lezione Lingua Spagnola 2 e Seminario di ripasso)<br \/>\nper lo sciopero generale nazionale di tutti i settori pubblici e privati e per la manifestazione con corteo prevista.<\/p>\n","protected":false},"excerpt":{"rendered":"<p>AVVISO Dott. C. A. Jim\u00e9nez Climent DIPARTIMENTO DI SCIENZE POLITICHE E SOCIALI Corso di Laurea in Scienze Politiche Attivit\u00e0 CEL di LINGUA SPAGNOLA 1 1\u00b0 semestre Si avvisano gli studenti che l&#8217;attivit\u00e0 didattica integrativa in aula di venerd\u00ec 3 ottobre 2025 \u00e8 stata sospesa (Lezione Lingua Spagnola 2 e Seminario di ripasso) per lo sciopero&#8230;<\/p>\n","protected":false},"author":21,"featured_media":0,"comment_status":"closed","ping_status":"open","sticky":false,"template":"","format":"standard","meta":[],"categories":[17],"tags":[],"_links":{"self":[{"href":"https:\/\/cla.unipv.it\/index.php?rest_route=\/wp\/v2\/posts\/59786"}],"collection":[{"href":"https:\/\/cla.unipv.it\/index.php?rest_route=\/wp\/v2\/posts"}],"about":[{"href":"https:\/\/cla.unipv.it\/index.php?rest_route=\/wp\/v2\/types\/post"}],"author":[{"embeddable":true,"href":"https:\/\/cla.unipv.it\/index.php?rest_route=\/wp\/v2\/users\/21"}],"replies":[{"embeddable":true,"href":"https:\/\/cla.unipv.it\/index.php?rest_route=%2Fwp%2Fv2%2Fcomments&post=59786"}],"version-history":[{"count":1,"href":"https:\/\/cla.unipv.it\/index.php?rest_route=\/wp\/v2\/posts\/59786\/revisions"}],"predecessor-version":[{"id":59787,"href":"https:\/\/cla.unipv.it\/index.php?rest_route=\/wp\/v2\/posts\/59786\/revisions\/59787"}],"wp:attachment":[{"href":"https:\/\/cla.unipv.it\/index.php?rest_route=%2Fwp%2Fv2%2Fmedia&parent=59786"}],"wp:term":[{"taxonomy":"category","embeddable":true,"href":"https:\/\/cla.unipv.it\/index.php?rest_route=%2Fwp%2Fv2%2Fcategories&post=59786"},{"taxonomy":"post_tag","embeddable":true,"href":"https:\/\/cla.unipv.it\/index.php?rest_route=%2Fwp%2Fv2%2Ftags&post=59786"}],"curies":[{"name":"wp","href":"https:\/\/api.w.org\/{rel}","templated":true}]}}