{"id":59560,"date":"2025-05-26T15:06:40","date_gmt":"2025-05-26T13:06:40","guid":{"rendered":"https:\/\/cla.unipv.it\/?p=59560"},"modified":"2025-05-26T15:06:40","modified_gmt":"2025-05-26T13:06:40","slug":"59560","status":"publish","type":"post","link":"https:\/\/cla.unipv.it\/?p=59560","title":{"rendered":""},"content":{"rendered":"<h3>AVVISO Dott.ssa Th\u00e9r\u00e8se Manconi<\/h3>\n<p>DIPARTIMENTO DI STUDI UMANISTICI<br \/>\nCorso di Laurea in Lingue e Culture Moderne<br \/>\nAttivit\u00e0 CEL di <b> LINGUA FRANCESE &#8211; <\/b><br \/>\n2\u00b0 semestre <\/p>\n<p>Si avvisano gli studenti che il ricevimento <\/p>\n<p>Per impegni sopraggiunti, il ricevimento inizialmente previsto per questo venerd\u00ec 30 maggio, dalle ore 14 alle ore 16, \u00e8 posticipato al giorno 4 giugno, dalle ore 9 alle ore 11, presso gli uffici del CLA.<\/p>\n<p>Cordiali saluti,<\/p>\n<p>Th. M.<\/p>\n","protected":false},"excerpt":{"rendered":"<p>AVVISO Dott.ssa Th\u00e9r\u00e8se Manconi DIPARTIMENTO DI STUDI UMANISTICI Corso di Laurea in Lingue e Culture Moderne Attivit\u00e0 CEL di LINGUA FRANCESE &#8211; 2\u00b0 semestre Si avvisano gli studenti che il ricevimento Per impegni sopraggiunti, il ricevimento inizialmente previsto per questo venerd\u00ec 30 maggio, dalle ore 14 alle ore 16, \u00e8 posticipato al giorno 4 giugno,&#8230;<\/p>\n","protected":false},"author":21,"featured_media":0,"comment_status":"closed","ping_status":"open","sticky":false,"template":"","format":"standard","meta":[],"categories":[17],"tags":[],"_links":{"self":[{"href":"https:\/\/cla.unipv.it\/index.php?rest_route=\/wp\/v2\/posts\/59560"}],"collection":[{"href":"https:\/\/cla.unipv.it\/index.php?rest_route=\/wp\/v2\/posts"}],"about":[{"href":"https:\/\/cla.unipv.it\/index.php?rest_route=\/wp\/v2\/types\/post"}],"author":[{"embeddable":true,"href":"https:\/\/cla.unipv.it\/index.php?rest_route=\/wp\/v2\/users\/21"}],"replies":[{"embeddable":true,"href":"https:\/\/cla.unipv.it\/index.php?rest_route=%2Fwp%2Fv2%2Fcomments&post=59560"}],"version-history":[{"count":1,"href":"https:\/\/cla.unipv.it\/index.php?rest_route=\/wp\/v2\/posts\/59560\/revisions"}],"predecessor-version":[{"id":59561,"href":"https:\/\/cla.unipv.it\/index.php?rest_route=\/wp\/v2\/posts\/59560\/revisions\/59561"}],"wp:attachment":[{"href":"https:\/\/cla.unipv.it\/index.php?rest_route=%2Fwp%2Fv2%2Fmedia&parent=59560"}],"wp:term":[{"taxonomy":"category","embeddable":true,"href":"https:\/\/cla.unipv.it\/index.php?rest_route=%2Fwp%2Fv2%2Fcategories&post=59560"},{"taxonomy":"post_tag","embeddable":true,"href":"https:\/\/cla.unipv.it\/index.php?rest_route=%2Fwp%2Fv2%2Ftags&post=59560"}],"curies":[{"name":"wp","href":"https:\/\/api.w.org\/{rel}","templated":true}]}}