{"id":59539,"date":"2025-05-06T18:37:44","date_gmt":"2025-05-06T16:37:44","guid":{"rendered":"https:\/\/cla.unipv.it\/?p=59539"},"modified":"2025-05-06T18:37:44","modified_gmt":"2025-05-06T16:37:44","slug":"59539","status":"publish","type":"post","link":"https:\/\/cla.unipv.it\/?p=59539","title":{"rendered":""},"content":{"rendered":"<h3>AVVISO Dott.ssa E. Moriana<\/h3>\n<p>DIPARTIMENTO DI STUDI UMANISTICI<br \/>\nCorso di Laurea Magistrale in Linguistica teorica, applicata e delle lingue moderne<br \/>\nAttivit\u00e0 CEL di <b> LINGUA SPAGNOLA &#8211; <\/b><br \/>\n2\u00b0 semestre <\/p>\n<p>Si avvisano gli studenti che l&#8217;attivit\u00e0 didattica integrativa in aula <\/p>\n<p>Si avvisano gli studenti che l\u2019attivit\u00e0 didattica integrativa in aula<\/p>\n<p>dei giorni mercoled\u00ec 7 maggio e mercoled\u00ec 14 maggio \u00e8 sospesa e verr\u00e0 recuperata \u2013 d\u2019accordo con gli studenti \u2013 marted\u00ec 20 maggio dalle 11 alle 13 nell\u2019aula II di Lettere e mercoled\u00ec 21 maggio dalle 11 alle 13 nell\u2019aula II di Lettere<\/p>\n","protected":false},"excerpt":{"rendered":"<p>AVVISO Dott.ssa E. Moriana DIPARTIMENTO DI STUDI UMANISTICI Corso di Laurea Magistrale in Linguistica teorica, applicata e delle lingue moderne Attivit\u00e0 CEL di LINGUA SPAGNOLA &#8211; 2\u00b0 semestre Si avvisano gli studenti che l&#8217;attivit\u00e0 didattica integrativa in aula Si avvisano gli studenti che l\u2019attivit\u00e0 didattica integrativa in aula dei giorni mercoled\u00ec 7 maggio e mercoled\u00ec&#8230;<\/p>\n","protected":false},"author":14,"featured_media":0,"comment_status":"closed","ping_status":"open","sticky":false,"template":"","format":"standard","meta":[],"categories":[17],"tags":[],"_links":{"self":[{"href":"https:\/\/cla.unipv.it\/index.php?rest_route=\/wp\/v2\/posts\/59539"}],"collection":[{"href":"https:\/\/cla.unipv.it\/index.php?rest_route=\/wp\/v2\/posts"}],"about":[{"href":"https:\/\/cla.unipv.it\/index.php?rest_route=\/wp\/v2\/types\/post"}],"author":[{"embeddable":true,"href":"https:\/\/cla.unipv.it\/index.php?rest_route=\/wp\/v2\/users\/14"}],"replies":[{"embeddable":true,"href":"https:\/\/cla.unipv.it\/index.php?rest_route=%2Fwp%2Fv2%2Fcomments&post=59539"}],"version-history":[{"count":1,"href":"https:\/\/cla.unipv.it\/index.php?rest_route=\/wp\/v2\/posts\/59539\/revisions"}],"predecessor-version":[{"id":59540,"href":"https:\/\/cla.unipv.it\/index.php?rest_route=\/wp\/v2\/posts\/59539\/revisions\/59540"}],"wp:attachment":[{"href":"https:\/\/cla.unipv.it\/index.php?rest_route=%2Fwp%2Fv2%2Fmedia&parent=59539"}],"wp:term":[{"taxonomy":"category","embeddable":true,"href":"https:\/\/cla.unipv.it\/index.php?rest_route=%2Fwp%2Fv2%2Fcategories&post=59539"},{"taxonomy":"post_tag","embeddable":true,"href":"https:\/\/cla.unipv.it\/index.php?rest_route=%2Fwp%2Fv2%2Ftags&post=59539"}],"curies":[{"name":"wp","href":"https:\/\/api.w.org\/{rel}","templated":true}]}}