{"id":59429,"date":"2025-02-22T17:06:16","date_gmt":"2025-02-22T16:06:16","guid":{"rendered":"https:\/\/cla.unipv.it\/?p=59429"},"modified":"2025-02-22T17:06:16","modified_gmt":"2025-02-22T16:06:16","slug":"59429","status":"publish","type":"post","link":"https:\/\/cla.unipv.it\/?p=59429","title":{"rendered":""},"content":{"rendered":"<h3>AVVISO Dott.ssa M. Mazzuchelli<\/h3>\n<p>DIPARTIMENTO DI STUDI UMANISTICI<br \/>\nCorso di Laurea in Lingue e Culture Moderne<br \/>\nAttivit\u00e0 CEL di <b> LINGUA SPAGNOLA 3 <\/b><br \/>\n2\u00b0 semestre <\/p>\n<p>Si avvisano gli studenti che l&#8217;attivit\u00e0 didattica integrativa in aula <\/p>\n<p>del gioved\u00ec 27 febbraio 2024, ore 15:00 -17:00 (Gruppo 2) , \u00e8 sospesa. Verr\u00e0 recuperata in modalit\u00e0 on line il venerd\u00ec 28 febbraio (link: https:\/\/us02web.zoom.us\/j\/2827180511) dalle 15:00 alle 17:00.<\/p>\n","protected":false},"excerpt":{"rendered":"<p>AVVISO Dott.ssa M. Mazzuchelli DIPARTIMENTO DI STUDI UMANISTICI Corso di Laurea in Lingue e Culture Moderne Attivit\u00e0 CEL di LINGUA SPAGNOLA 3 2\u00b0 semestre Si avvisano gli studenti che l&#8217;attivit\u00e0 didattica integrativa in aula del gioved\u00ec 27 febbraio 2024, ore 15:00 -17:00 (Gruppo 2) , \u00e8 sospesa. Verr\u00e0 recuperata in modalit\u00e0 on line il venerd\u00ec&#8230;<\/p>\n","protected":false},"author":14,"featured_media":0,"comment_status":"closed","ping_status":"open","sticky":false,"template":"","format":"standard","meta":[],"categories":[17],"tags":[],"_links":{"self":[{"href":"https:\/\/cla.unipv.it\/index.php?rest_route=\/wp\/v2\/posts\/59429"}],"collection":[{"href":"https:\/\/cla.unipv.it\/index.php?rest_route=\/wp\/v2\/posts"}],"about":[{"href":"https:\/\/cla.unipv.it\/index.php?rest_route=\/wp\/v2\/types\/post"}],"author":[{"embeddable":true,"href":"https:\/\/cla.unipv.it\/index.php?rest_route=\/wp\/v2\/users\/14"}],"replies":[{"embeddable":true,"href":"https:\/\/cla.unipv.it\/index.php?rest_route=%2Fwp%2Fv2%2Fcomments&post=59429"}],"version-history":[{"count":1,"href":"https:\/\/cla.unipv.it\/index.php?rest_route=\/wp\/v2\/posts\/59429\/revisions"}],"predecessor-version":[{"id":59430,"href":"https:\/\/cla.unipv.it\/index.php?rest_route=\/wp\/v2\/posts\/59429\/revisions\/59430"}],"wp:attachment":[{"href":"https:\/\/cla.unipv.it\/index.php?rest_route=%2Fwp%2Fv2%2Fmedia&parent=59429"}],"wp:term":[{"taxonomy":"category","embeddable":true,"href":"https:\/\/cla.unipv.it\/index.php?rest_route=%2Fwp%2Fv2%2Fcategories&post=59429"},{"taxonomy":"post_tag","embeddable":true,"href":"https:\/\/cla.unipv.it\/index.php?rest_route=%2Fwp%2Fv2%2Ftags&post=59429"}],"curies":[{"name":"wp","href":"https:\/\/api.w.org\/{rel}","templated":true}]}}