{"id":59397,"date":"2025-02-07T15:09:14","date_gmt":"2025-02-07T14:09:14","guid":{"rendered":"https:\/\/cla.unipv.it\/?p=59397"},"modified":"2025-02-07T15:09:22","modified_gmt":"2025-02-07T14:09:22","slug":"chiusura-anticipata-al-mattino-di-lunedi-10-febbraio-2025","status":"publish","type":"post","link":"https:\/\/cla.unipv.it\/?p=59397","title":{"rendered":"Chiusura anticipata al mattino di luned\u00ec 10 febbraio 2025"},"content":{"rendered":"<p>Si avvisano gli utenti che luned\u00ec 10 febbraio 2025 il Centro Linguistico chiuder\u00e0 anticipatamente alle ore 11.15 per una riunione del personale.<br \/>\nSi riaprir\u00e0 regolarmente alle ore 13.00.<\/p>\n","protected":false},"excerpt":{"rendered":"<p>Si avvisano gli utenti che luned\u00ec 10 febbraio 2025 il Centro Linguistico chiuder\u00e0 anticipatamente alle ore 11.15 per una riunione del personale. Si riaprir\u00e0 regolarmente alle ore 13.00.<\/p>\n","protected":false},"author":8,"featured_media":0,"comment_status":"closed","ping_status":"open","sticky":false,"template":"","format":"standard","meta":[],"categories":[1],"tags":[],"_links":{"self":[{"href":"https:\/\/cla.unipv.it\/index.php?rest_route=\/wp\/v2\/posts\/59397"}],"collection":[{"href":"https:\/\/cla.unipv.it\/index.php?rest_route=\/wp\/v2\/posts"}],"about":[{"href":"https:\/\/cla.unipv.it\/index.php?rest_route=\/wp\/v2\/types\/post"}],"author":[{"embeddable":true,"href":"https:\/\/cla.unipv.it\/index.php?rest_route=\/wp\/v2\/users\/8"}],"replies":[{"embeddable":true,"href":"https:\/\/cla.unipv.it\/index.php?rest_route=%2Fwp%2Fv2%2Fcomments&post=59397"}],"version-history":[{"count":1,"href":"https:\/\/cla.unipv.it\/index.php?rest_route=\/wp\/v2\/posts\/59397\/revisions"}],"predecessor-version":[{"id":59398,"href":"https:\/\/cla.unipv.it\/index.php?rest_route=\/wp\/v2\/posts\/59397\/revisions\/59398"}],"wp:attachment":[{"href":"https:\/\/cla.unipv.it\/index.php?rest_route=%2Fwp%2Fv2%2Fmedia&parent=59397"}],"wp:term":[{"taxonomy":"category","embeddable":true,"href":"https:\/\/cla.unipv.it\/index.php?rest_route=%2Fwp%2Fv2%2Fcategories&post=59397"},{"taxonomy":"post_tag","embeddable":true,"href":"https:\/\/cla.unipv.it\/index.php?rest_route=%2Fwp%2Fv2%2Ftags&post=59397"}],"curies":[{"name":"wp","href":"https:\/\/api.w.org\/{rel}","templated":true}]}}