{"id":59213,"date":"2024-10-15T10:37:08","date_gmt":"2024-10-15T08:37:08","guid":{"rendered":"https:\/\/cla.unipv.it\/?p=59213"},"modified":"2024-10-15T10:37:08","modified_gmt":"2024-10-15T08:37:08","slug":"59213","status":"publish","type":"post","link":"https:\/\/cla.unipv.it\/?p=59213","title":{"rendered":""},"content":{"rendered":"<h3>AVVISO Dott.ssa M. Mazzuchelli<\/h3>\n<p>DIPARTIMENTO DI STUDI UMANISTICI<br \/>\nCorso di Laurea in Lingue e Culture Moderne<br \/>\nAttivit\u00e0 CEL di <b> LINGUA SPAGNOLA 3 <\/b><br \/>\n1\u00b0 semestre <\/p>\n<p>Si avvisano gli studenti che l&#8217;attivit\u00e0 didattica integrativa in aula <\/p>\n<p>del gioved\u00ec 17 ottobre 2024 \u00e8 sospesa per concomitanza con altri impegni accademici.<br \/>\nVerr\u00e0 svolta il venerd\u00ec 18 ottobre 2024 in modalit\u00e0 on line https:\/\/us02web.zoom.us\/j\/2827180511 secondo il seguente orario:<br \/>\nGruppo 1: 15:00 -17:00.<br \/>\nGruppo 2: 17:00 -19:00.<br \/>\nIn questa particolare circostanza lo studente pu\u00f2 scegliere a quale gruppo incorporarsi (collegamento obbligatorio tramite account di ateneo), indipendentemente da quello presenziale di appartenenza.<\/p>\n","protected":false},"excerpt":{"rendered":"<p>AVVISO Dott.ssa M. Mazzuchelli DIPARTIMENTO DI STUDI UMANISTICI Corso di Laurea in Lingue e Culture Moderne Attivit\u00e0 CEL di LINGUA SPAGNOLA 3 1\u00b0 semestre Si avvisano gli studenti che l&#8217;attivit\u00e0 didattica integrativa in aula del gioved\u00ec 17 ottobre 2024 \u00e8 sospesa per concomitanza con altri impegni accademici. Verr\u00e0 svolta il venerd\u00ec 18 ottobre 2024 in&#8230;<\/p>\n","protected":false},"author":14,"featured_media":0,"comment_status":"closed","ping_status":"open","sticky":false,"template":"","format":"standard","meta":[],"categories":[17],"tags":[],"_links":{"self":[{"href":"https:\/\/cla.unipv.it\/index.php?rest_route=\/wp\/v2\/posts\/59213"}],"collection":[{"href":"https:\/\/cla.unipv.it\/index.php?rest_route=\/wp\/v2\/posts"}],"about":[{"href":"https:\/\/cla.unipv.it\/index.php?rest_route=\/wp\/v2\/types\/post"}],"author":[{"embeddable":true,"href":"https:\/\/cla.unipv.it\/index.php?rest_route=\/wp\/v2\/users\/14"}],"replies":[{"embeddable":true,"href":"https:\/\/cla.unipv.it\/index.php?rest_route=%2Fwp%2Fv2%2Fcomments&post=59213"}],"version-history":[{"count":1,"href":"https:\/\/cla.unipv.it\/index.php?rest_route=\/wp\/v2\/posts\/59213\/revisions"}],"predecessor-version":[{"id":59214,"href":"https:\/\/cla.unipv.it\/index.php?rest_route=\/wp\/v2\/posts\/59213\/revisions\/59214"}],"wp:attachment":[{"href":"https:\/\/cla.unipv.it\/index.php?rest_route=%2Fwp%2Fv2%2Fmedia&parent=59213"}],"wp:term":[{"taxonomy":"category","embeddable":true,"href":"https:\/\/cla.unipv.it\/index.php?rest_route=%2Fwp%2Fv2%2Fcategories&post=59213"},{"taxonomy":"post_tag","embeddable":true,"href":"https:\/\/cla.unipv.it\/index.php?rest_route=%2Fwp%2Fv2%2Ftags&post=59213"}],"curies":[{"name":"wp","href":"https:\/\/api.w.org\/{rel}","templated":true}]}}