{"id":58777,"date":"2024-02-26T18:57:43","date_gmt":"2024-02-26T17:57:43","guid":{"rendered":"https:\/\/cla.unipv.it\/?p=58777"},"modified":"2024-02-26T18:57:43","modified_gmt":"2024-02-26T17:57:43","slug":"58777","status":"publish","type":"post","link":"https:\/\/cla.unipv.it\/?p=58777","title":{"rendered":""},"content":{"rendered":"<h3>AVVISO Dott.ssa C. Justel<\/h3>\n<p>DIPARTIMENTO DI STUDI UMANISTICI<br \/>\nCorso di Laurea in Lingue e Culture Moderne<br \/>\nAttivit\u00e0 CEL di <b> LINGUA FRANCESE 1 <\/b><br \/>\n2\u00b0 semestre <\/p>\n<p>Si avvisano gli studenti che l&#8217;attivit\u00e0 didattica integrativa in aula <\/p>\n<p>del marted\u00ec dalle 11 alle 13 (comprensione e produzione orale &#8211; gruppo 2), si svolger\u00e0 in aula VII (giurisprudenza).<\/p>\n","protected":false},"excerpt":{"rendered":"<p>AVVISO Dott.ssa C. Justel DIPARTIMENTO DI STUDI UMANISTICI Corso di Laurea in Lingue e Culture Moderne Attivit\u00e0 CEL di LINGUA FRANCESE 1 2\u00b0 semestre Si avvisano gli studenti che l&#8217;attivit\u00e0 didattica integrativa in aula del marted\u00ec dalle 11 alle 13 (comprensione e produzione orale &#8211; gruppo 2), si svolger\u00e0 in aula VII (giurisprudenza).<\/p>\n","protected":false},"author":14,"featured_media":0,"comment_status":"closed","ping_status":"open","sticky":false,"template":"","format":"standard","meta":[],"categories":[17],"tags":[],"_links":{"self":[{"href":"https:\/\/cla.unipv.it\/index.php?rest_route=\/wp\/v2\/posts\/58777"}],"collection":[{"href":"https:\/\/cla.unipv.it\/index.php?rest_route=\/wp\/v2\/posts"}],"about":[{"href":"https:\/\/cla.unipv.it\/index.php?rest_route=\/wp\/v2\/types\/post"}],"author":[{"embeddable":true,"href":"https:\/\/cla.unipv.it\/index.php?rest_route=\/wp\/v2\/users\/14"}],"replies":[{"embeddable":true,"href":"https:\/\/cla.unipv.it\/index.php?rest_route=%2Fwp%2Fv2%2Fcomments&post=58777"}],"version-history":[{"count":1,"href":"https:\/\/cla.unipv.it\/index.php?rest_route=\/wp\/v2\/posts\/58777\/revisions"}],"predecessor-version":[{"id":58778,"href":"https:\/\/cla.unipv.it\/index.php?rest_route=\/wp\/v2\/posts\/58777\/revisions\/58778"}],"wp:attachment":[{"href":"https:\/\/cla.unipv.it\/index.php?rest_route=%2Fwp%2Fv2%2Fmedia&parent=58777"}],"wp:term":[{"taxonomy":"category","embeddable":true,"href":"https:\/\/cla.unipv.it\/index.php?rest_route=%2Fwp%2Fv2%2Fcategories&post=58777"},{"taxonomy":"post_tag","embeddable":true,"href":"https:\/\/cla.unipv.it\/index.php?rest_route=%2Fwp%2Fv2%2Ftags&post=58777"}],"curies":[{"name":"wp","href":"https:\/\/api.w.org\/{rel}","templated":true}]}}