{"id":58473,"date":"2023-09-20T10:02:16","date_gmt":"2023-09-20T08:02:16","guid":{"rendered":"https:\/\/cla.unipv.it\/?p=58473"},"modified":"2023-09-20T10:02:16","modified_gmt":"2023-09-20T08:02:16","slug":"58473","status":"publish","type":"post","link":"https:\/\/cla.unipv.it\/?p=58473","title":{"rendered":""},"content":{"rendered":"<h3>AVVISO Dott.ssa E. Moriana<\/h3>\n<p>DIPARTIMENTO DI STUDI UMANISTICI<br \/>\nCorso di Laurea in Lingue e Culture Moderne<br \/>\nAttivit\u00e0 CEL di <b> LINGUA SPAGNOLA 2 <\/b><br \/>\n1\u00b0 semestre <\/p>\n<p>Si avvisano gli studenti che &#8211; <\/p>\n<p>\u00e8 d&#8217;obbligo l&#8217;iscrizione ai gruppi per poter frequentare le lezioni e il libro per il secondo anno \u00e8 Nuevo Prisma Fusi\u00f3n (B1-B2) di Edinumen.<br \/>\nAgli studenti che non abbiano superato il primo anno, si raccomanda di rifrequentare quel corso per rinsaldare gli argomenti necessari per poter seguire senza difficolt\u00e0 il secondo anno.<\/p>\n","protected":false},"excerpt":{"rendered":"<p>AVVISO Dott.ssa E. Moriana DIPARTIMENTO DI STUDI UMANISTICI Corso di Laurea in Lingue e Culture Moderne Attivit\u00e0 CEL di LINGUA SPAGNOLA 2 1\u00b0 semestre Si avvisano gli studenti che &#8211; \u00e8 d&#8217;obbligo l&#8217;iscrizione ai gruppi per poter frequentare le lezioni e il libro per il secondo anno \u00e8 Nuevo Prisma Fusi\u00f3n (B1-B2) di Edinumen. Agli&#8230;<\/p>\n","protected":false},"author":14,"featured_media":0,"comment_status":"closed","ping_status":"open","sticky":false,"template":"","format":"standard","meta":[],"categories":[17],"tags":[],"_links":{"self":[{"href":"https:\/\/cla.unipv.it\/index.php?rest_route=\/wp\/v2\/posts\/58473"}],"collection":[{"href":"https:\/\/cla.unipv.it\/index.php?rest_route=\/wp\/v2\/posts"}],"about":[{"href":"https:\/\/cla.unipv.it\/index.php?rest_route=\/wp\/v2\/types\/post"}],"author":[{"embeddable":true,"href":"https:\/\/cla.unipv.it\/index.php?rest_route=\/wp\/v2\/users\/14"}],"replies":[{"embeddable":true,"href":"https:\/\/cla.unipv.it\/index.php?rest_route=%2Fwp%2Fv2%2Fcomments&post=58473"}],"version-history":[{"count":1,"href":"https:\/\/cla.unipv.it\/index.php?rest_route=\/wp\/v2\/posts\/58473\/revisions"}],"predecessor-version":[{"id":58474,"href":"https:\/\/cla.unipv.it\/index.php?rest_route=\/wp\/v2\/posts\/58473\/revisions\/58474"}],"wp:attachment":[{"href":"https:\/\/cla.unipv.it\/index.php?rest_route=%2Fwp%2Fv2%2Fmedia&parent=58473"}],"wp:term":[{"taxonomy":"category","embeddable":true,"href":"https:\/\/cla.unipv.it\/index.php?rest_route=%2Fwp%2Fv2%2Fcategories&post=58473"},{"taxonomy":"post_tag","embeddable":true,"href":"https:\/\/cla.unipv.it\/index.php?rest_route=%2Fwp%2Fv2%2Ftags&post=58473"}],"curies":[{"name":"wp","href":"https:\/\/api.w.org\/{rel}","templated":true}]}}