{"id":58245,"date":"2023-03-19T11:56:26","date_gmt":"2023-03-19T10:56:26","guid":{"rendered":"https:\/\/cla.unipv.it\/?p=58245"},"modified":"2023-03-19T11:56:26","modified_gmt":"2023-03-19T10:56:26","slug":"58245","status":"publish","type":"post","link":"https:\/\/cla.unipv.it\/?p=58245","title":{"rendered":""},"content":{"rendered":"<h3>AVVISO Dott.ssa D. Harrison<\/h3>\n<p>DIPARTIMENTO DI STUDI UMANISTICI<br \/>\nCorso di Laurea in Lingue e Culture Moderne<br \/>\nAttivit\u00e0 CEL di <b> LINGUA INGLESE 1 <\/b><br \/>\n2\u00b0 semestre <\/p>\n<p>Si avvisano gli studenti che l&#8217;attivit\u00e0 didattica integrativa in aula <\/p>\n<p>B (Gruppo 4) di marted\u00ec 21 marzo \u00e8 sospeso. La didattica integrativa riprender\u00e0 regolarmente gioved\u00ec 23 marzo.<\/p>\n","protected":false},"excerpt":{"rendered":"<p>AVVISO Dott.ssa D. Harrison DIPARTIMENTO DI STUDI UMANISTICI Corso di Laurea in Lingue e Culture Moderne Attivit\u00e0 CEL di LINGUA INGLESE 1 2\u00b0 semestre Si avvisano gli studenti che l&#8217;attivit\u00e0 didattica integrativa in aula B (Gruppo 4) di marted\u00ec 21 marzo \u00e8 sospeso. La didattica integrativa riprender\u00e0 regolarmente gioved\u00ec 23 marzo.<\/p>\n","protected":false},"author":14,"featured_media":0,"comment_status":"closed","ping_status":"open","sticky":false,"template":"","format":"standard","meta":[],"categories":[17],"tags":[],"_links":{"self":[{"href":"https:\/\/cla.unipv.it\/index.php?rest_route=\/wp\/v2\/posts\/58245"}],"collection":[{"href":"https:\/\/cla.unipv.it\/index.php?rest_route=\/wp\/v2\/posts"}],"about":[{"href":"https:\/\/cla.unipv.it\/index.php?rest_route=\/wp\/v2\/types\/post"}],"author":[{"embeddable":true,"href":"https:\/\/cla.unipv.it\/index.php?rest_route=\/wp\/v2\/users\/14"}],"replies":[{"embeddable":true,"href":"https:\/\/cla.unipv.it\/index.php?rest_route=%2Fwp%2Fv2%2Fcomments&post=58245"}],"version-history":[{"count":1,"href":"https:\/\/cla.unipv.it\/index.php?rest_route=\/wp\/v2\/posts\/58245\/revisions"}],"predecessor-version":[{"id":58246,"href":"https:\/\/cla.unipv.it\/index.php?rest_route=\/wp\/v2\/posts\/58245\/revisions\/58246"}],"wp:attachment":[{"href":"https:\/\/cla.unipv.it\/index.php?rest_route=%2Fwp%2Fv2%2Fmedia&parent=58245"}],"wp:term":[{"taxonomy":"category","embeddable":true,"href":"https:\/\/cla.unipv.it\/index.php?rest_route=%2Fwp%2Fv2%2Fcategories&post=58245"},{"taxonomy":"post_tag","embeddable":true,"href":"https:\/\/cla.unipv.it\/index.php?rest_route=%2Fwp%2Fv2%2Ftags&post=58245"}],"curies":[{"name":"wp","href":"https:\/\/api.w.org\/{rel}","templated":true}]}}