{"id":58243,"date":"2023-03-17T09:37:27","date_gmt":"2023-03-17T08:37:27","guid":{"rendered":"https:\/\/cla.unipv.it\/?p=58243"},"modified":"2023-03-17T09:37:27","modified_gmt":"2023-03-17T08:37:27","slug":"58243","status":"publish","type":"post","link":"https:\/\/cla.unipv.it\/?p=58243","title":{"rendered":""},"content":{"rendered":"<h3>AVVISO &#8211;<\/h3>\n<p>DIPARTIMENTO DI STUDI UMANISTICI<br \/>\nCorso di Laurea in Lingue e Culture Moderne<br \/>\nAttivit\u00e0 CEL di <b> LINGUA FRANCESE 3 <\/b><br \/>\n2\u00b0 semestre <\/p>\n<p>Si avvisano gli studenti che l&#8217;attivit\u00e0 didattica integrativa in aula <\/p>\n<p>di Francese 3 &#8211; produzione orale &#8211; gruppo 2 (Dott.ssa Heaulm\u00e9) del giorno marted\u00ec 4 aprile, dalle 15:00 alle 17:00 si svolger\u00e0, con lo stesso orario, in aula di Archeologia anzich\u00e9 in CL3, per consentire lo svolgimento delle prove della certificazione di italiano CILS.<\/p>\n","protected":false},"excerpt":{"rendered":"<p>AVVISO &#8211; DIPARTIMENTO DI STUDI UMANISTICI Corso di Laurea in Lingue e Culture Moderne Attivit\u00e0 CEL di LINGUA FRANCESE 3 2\u00b0 semestre Si avvisano gli studenti che l&#8217;attivit\u00e0 didattica integrativa in aula di Francese 3 &#8211; produzione orale &#8211; gruppo 2 (Dott.ssa Heaulm\u00e9) del giorno marted\u00ec 4 aprile, dalle 15:00 alle 17:00 si svolger\u00e0, con&#8230;<\/p>\n","protected":false},"author":6,"featured_media":0,"comment_status":"closed","ping_status":"open","sticky":false,"template":"","format":"standard","meta":[],"categories":[17],"tags":[],"_links":{"self":[{"href":"https:\/\/cla.unipv.it\/index.php?rest_route=\/wp\/v2\/posts\/58243"}],"collection":[{"href":"https:\/\/cla.unipv.it\/index.php?rest_route=\/wp\/v2\/posts"}],"about":[{"href":"https:\/\/cla.unipv.it\/index.php?rest_route=\/wp\/v2\/types\/post"}],"author":[{"embeddable":true,"href":"https:\/\/cla.unipv.it\/index.php?rest_route=\/wp\/v2\/users\/6"}],"replies":[{"embeddable":true,"href":"https:\/\/cla.unipv.it\/index.php?rest_route=%2Fwp%2Fv2%2Fcomments&post=58243"}],"version-history":[{"count":1,"href":"https:\/\/cla.unipv.it\/index.php?rest_route=\/wp\/v2\/posts\/58243\/revisions"}],"predecessor-version":[{"id":58244,"href":"https:\/\/cla.unipv.it\/index.php?rest_route=\/wp\/v2\/posts\/58243\/revisions\/58244"}],"wp:attachment":[{"href":"https:\/\/cla.unipv.it\/index.php?rest_route=%2Fwp%2Fv2%2Fmedia&parent=58243"}],"wp:term":[{"taxonomy":"category","embeddable":true,"href":"https:\/\/cla.unipv.it\/index.php?rest_route=%2Fwp%2Fv2%2Fcategories&post=58243"},{"taxonomy":"post_tag","embeddable":true,"href":"https:\/\/cla.unipv.it\/index.php?rest_route=%2Fwp%2Fv2%2Ftags&post=58243"}],"curies":[{"name":"wp","href":"https:\/\/api.w.org\/{rel}","templated":true}]}}