{"id":58049,"date":"2022-12-22T09:58:58","date_gmt":"2022-12-22T08:58:58","guid":{"rendered":"https:\/\/cla.unipv.it\/?p=58049"},"modified":"2022-12-22T09:58:58","modified_gmt":"2022-12-22T08:58:58","slug":"chiusura-natalizia-2","status":"publish","type":"post","link":"https:\/\/cla.unipv.it\/?p=58049","title":{"rendered":"CHIUSURA NATALIZIA"},"content":{"rendered":"<p><strong>Si informano gli utenti che in occasione delle festivit\u00e0 natalizie il Centro Linguistico Laboratori rester\u00e0 chiuso dal 27 dicembre 2022 al 5 gennaio 2023 compresi.<\/strong><\/p>\n<p><strong>Il Centro riaprir\u00e0 regolarmente da luned\u00ec 9 gennaio 2023.<\/strong><\/p>\n","protected":false},"excerpt":{"rendered":"<p>Si informano gli utenti che in occasione delle festivit\u00e0 natalizie il Centro Linguistico Laboratori rester\u00e0 chiuso dal 27 dicembre 2022 al 5 gennaio 2023 compresi. Il Centro riaprir\u00e0 regolarmente da luned\u00ec 9 gennaio 2023.<\/p>\n","protected":false},"author":8,"featured_media":0,"comment_status":"closed","ping_status":"open","sticky":false,"template":"","format":"standard","meta":[],"categories":[17],"tags":[],"_links":{"self":[{"href":"https:\/\/cla.unipv.it\/index.php?rest_route=\/wp\/v2\/posts\/58049"}],"collection":[{"href":"https:\/\/cla.unipv.it\/index.php?rest_route=\/wp\/v2\/posts"}],"about":[{"href":"https:\/\/cla.unipv.it\/index.php?rest_route=\/wp\/v2\/types\/post"}],"author":[{"embeddable":true,"href":"https:\/\/cla.unipv.it\/index.php?rest_route=\/wp\/v2\/users\/8"}],"replies":[{"embeddable":true,"href":"https:\/\/cla.unipv.it\/index.php?rest_route=%2Fwp%2Fv2%2Fcomments&post=58049"}],"version-history":[{"count":1,"href":"https:\/\/cla.unipv.it\/index.php?rest_route=\/wp\/v2\/posts\/58049\/revisions"}],"predecessor-version":[{"id":58050,"href":"https:\/\/cla.unipv.it\/index.php?rest_route=\/wp\/v2\/posts\/58049\/revisions\/58050"}],"wp:attachment":[{"href":"https:\/\/cla.unipv.it\/index.php?rest_route=%2Fwp%2Fv2%2Fmedia&parent=58049"}],"wp:term":[{"taxonomy":"category","embeddable":true,"href":"https:\/\/cla.unipv.it\/index.php?rest_route=%2Fwp%2Fv2%2Fcategories&post=58049"},{"taxonomy":"post_tag","embeddable":true,"href":"https:\/\/cla.unipv.it\/index.php?rest_route=%2Fwp%2Fv2%2Ftags&post=58049"}],"curies":[{"name":"wp","href":"https:\/\/api.w.org\/{rel}","templated":true}]}}