{"id":57977,"date":"2022-11-10T21:22:59","date_gmt":"2022-11-10T20:22:59","guid":{"rendered":"https:\/\/cla.unipv.it\/?p=57977"},"modified":"2022-11-10T21:22:59","modified_gmt":"2022-11-10T20:22:59","slug":"57977","status":"publish","type":"post","link":"https:\/\/cla.unipv.it\/?p=57977","title":{"rendered":""},"content":{"rendered":"<h3>AVVISO Dott.ssa P. Esposito<\/h3>\n<p>DIPARTIMENTO DI STUDI UMANISTICI<br \/>\nCorso di Laurea in Lingue e Culture Moderne<br \/>\nAttivit\u00e0 CEL di <b> LINGUA FRANCESE 2 <\/b><br \/>\n1\u00b0 semestre <\/p>\n<p>Si avvisano gli studenti che l&#8217;attivit\u00e0 didattica integrativa in aula <\/p>\n<p>di venerd\u00ec 11 novembre, secondo anno, gruppo 3, \u00e8 sospesa a causa<br \/>\n dello sciopero nazionale generale dei mezzi di trasporto.<br \/>\nLa lezione verr\u00e0 ricuperata in data da destinarsi, con l&#8217;accordo degli interessati.<\/p>\n","protected":false},"excerpt":{"rendered":"<p>AVVISO Dott.ssa P. Esposito DIPARTIMENTO DI STUDI UMANISTICI Corso di Laurea in Lingue e Culture Moderne Attivit\u00e0 CEL di LINGUA FRANCESE 2 1\u00b0 semestre Si avvisano gli studenti che l&#8217;attivit\u00e0 didattica integrativa in aula di venerd\u00ec 11 novembre, secondo anno, gruppo 3, \u00e8 sospesa a causa dello sciopero nazionale generale dei mezzi di trasporto. La&#8230;<\/p>\n","protected":false},"author":14,"featured_media":0,"comment_status":"closed","ping_status":"open","sticky":false,"template":"","format":"standard","meta":[],"categories":[17],"tags":[],"_links":{"self":[{"href":"https:\/\/cla.unipv.it\/index.php?rest_route=\/wp\/v2\/posts\/57977"}],"collection":[{"href":"https:\/\/cla.unipv.it\/index.php?rest_route=\/wp\/v2\/posts"}],"about":[{"href":"https:\/\/cla.unipv.it\/index.php?rest_route=\/wp\/v2\/types\/post"}],"author":[{"embeddable":true,"href":"https:\/\/cla.unipv.it\/index.php?rest_route=\/wp\/v2\/users\/14"}],"replies":[{"embeddable":true,"href":"https:\/\/cla.unipv.it\/index.php?rest_route=%2Fwp%2Fv2%2Fcomments&post=57977"}],"version-history":[{"count":1,"href":"https:\/\/cla.unipv.it\/index.php?rest_route=\/wp\/v2\/posts\/57977\/revisions"}],"predecessor-version":[{"id":57978,"href":"https:\/\/cla.unipv.it\/index.php?rest_route=\/wp\/v2\/posts\/57977\/revisions\/57978"}],"wp:attachment":[{"href":"https:\/\/cla.unipv.it\/index.php?rest_route=%2Fwp%2Fv2%2Fmedia&parent=57977"}],"wp:term":[{"taxonomy":"category","embeddable":true,"href":"https:\/\/cla.unipv.it\/index.php?rest_route=%2Fwp%2Fv2%2Fcategories&post=57977"},{"taxonomy":"post_tag","embeddable":true,"href":"https:\/\/cla.unipv.it\/index.php?rest_route=%2Fwp%2Fv2%2Ftags&post=57977"}],"curies":[{"name":"wp","href":"https:\/\/api.w.org\/{rel}","templated":true}]}}