{"id":57920,"date":"2022-10-21T08:47:07","date_gmt":"2022-10-21T06:47:07","guid":{"rendered":"https:\/\/cla.unipv.it\/?p=57920"},"modified":"2022-10-21T08:47:07","modified_gmt":"2022-10-21T06:47:07","slug":"57920","status":"publish","type":"post","link":"https:\/\/cla.unipv.it\/?p=57920","title":{"rendered":""},"content":{"rendered":"<h3>AVVISO Dott. Marco Brueckelmann<\/h3>\n<p>DIPARTIMENTO DI STUDI UMANISTICI<br \/>\nCorso di Laurea in Lingue e Culture Moderne<br \/>\nAttivit\u00e0 CEL di <b> LINGUA TEDESCA 2 <\/b><br \/>\n1\u00b0 semestre <\/p>\n<p>Si avvisano gli studenti che &#8211; <\/p>\n<p>l&#8217;attivit\u00e0 in aula di Tedesco 2a Kompetenzkurs prevista per oggi, venerd\u00ec 21 ottobre 2022, dalle 11 alle 13 in aula Bottigella \u00e8 sospesa per motivi di salute.<\/p>\n","protected":false},"excerpt":{"rendered":"<p>AVVISO Dott. Marco Brueckelmann DIPARTIMENTO DI STUDI UMANISTICI Corso di Laurea in Lingue e Culture Moderne Attivit\u00e0 CEL di LINGUA TEDESCA 2 1\u00b0 semestre Si avvisano gli studenti che &#8211; l&#8217;attivit\u00e0 in aula di Tedesco 2a Kompetenzkurs prevista per oggi, venerd\u00ec 21 ottobre 2022, dalle 11 alle 13 in aula Bottigella \u00e8 sospesa per motivi&#8230;<\/p>\n","protected":false},"author":21,"featured_media":0,"comment_status":"closed","ping_status":"open","sticky":false,"template":"","format":"standard","meta":[],"categories":[17],"tags":[],"_links":{"self":[{"href":"https:\/\/cla.unipv.it\/index.php?rest_route=\/wp\/v2\/posts\/57920"}],"collection":[{"href":"https:\/\/cla.unipv.it\/index.php?rest_route=\/wp\/v2\/posts"}],"about":[{"href":"https:\/\/cla.unipv.it\/index.php?rest_route=\/wp\/v2\/types\/post"}],"author":[{"embeddable":true,"href":"https:\/\/cla.unipv.it\/index.php?rest_route=\/wp\/v2\/users\/21"}],"replies":[{"embeddable":true,"href":"https:\/\/cla.unipv.it\/index.php?rest_route=%2Fwp%2Fv2%2Fcomments&post=57920"}],"version-history":[{"count":1,"href":"https:\/\/cla.unipv.it\/index.php?rest_route=\/wp\/v2\/posts\/57920\/revisions"}],"predecessor-version":[{"id":57921,"href":"https:\/\/cla.unipv.it\/index.php?rest_route=\/wp\/v2\/posts\/57920\/revisions\/57921"}],"wp:attachment":[{"href":"https:\/\/cla.unipv.it\/index.php?rest_route=%2Fwp%2Fv2%2Fmedia&parent=57920"}],"wp:term":[{"taxonomy":"category","embeddable":true,"href":"https:\/\/cla.unipv.it\/index.php?rest_route=%2Fwp%2Fv2%2Fcategories&post=57920"},{"taxonomy":"post_tag","embeddable":true,"href":"https:\/\/cla.unipv.it\/index.php?rest_route=%2Fwp%2Fv2%2Ftags&post=57920"}],"curies":[{"name":"wp","href":"https:\/\/api.w.org\/{rel}","templated":true}]}}