{"id":57918,"date":"2022-10-21T08:42:30","date_gmt":"2022-10-21T06:42:30","guid":{"rendered":"https:\/\/cla.unipv.it\/?p=57918"},"modified":"2022-10-21T08:54:22","modified_gmt":"2022-10-21T06:54:22","slug":"57918","status":"publish","type":"post","link":"https:\/\/cla.unipv.it\/?p=57918","title":{"rendered":""},"content":{"rendered":"<h3>AVVISO Dott. Marco Brueckelmann<\/h3>\n<p>DIPARTIMENTO DI STUDI UMANISTICI<br \/>\nCorso di Laurea Magistrale in Linguistica teorica, applicata e delle lingue moderne<br \/>\nAttivit\u00e0 CEL di <b> LINGUA TEDESCA Magistrale <\/b><br \/>\n1\u00b0 semestre<\/p>\n<p>Si avvisano gli studenti che l&#8217;attivit\u00e0 in aula<\/p>\n<p>di oggi, venerd\u00ec 21 ottobre 2022, dalle 9 alle 11 in aula CL2 \u00e8 sospesa per motivi di salute.<\/p>\n","protected":false},"excerpt":{"rendered":"<p>AVVISO Dott. Marco Brueckelmann DIPARTIMENTO DI STUDI UMANISTICI Corso di Laurea Magistrale in Linguistica teorica, applicata e delle lingue moderne Attivit\u00e0 CEL di LINGUA TEDESCA Magistrale 1\u00b0 semestre Si avvisano gli studenti che l&#8217;attivit\u00e0 in aula di oggi, venerd\u00ec 21 ottobre 2022, dalle 9 alle 11 in aula CL2 \u00e8 sospesa per motivi di salute.<\/p>\n","protected":false},"author":21,"featured_media":0,"comment_status":"closed","ping_status":"open","sticky":false,"template":"","format":"standard","meta":[],"categories":[17],"tags":[],"_links":{"self":[{"href":"https:\/\/cla.unipv.it\/index.php?rest_route=\/wp\/v2\/posts\/57918"}],"collection":[{"href":"https:\/\/cla.unipv.it\/index.php?rest_route=\/wp\/v2\/posts"}],"about":[{"href":"https:\/\/cla.unipv.it\/index.php?rest_route=\/wp\/v2\/types\/post"}],"author":[{"embeddable":true,"href":"https:\/\/cla.unipv.it\/index.php?rest_route=\/wp\/v2\/users\/21"}],"replies":[{"embeddable":true,"href":"https:\/\/cla.unipv.it\/index.php?rest_route=%2Fwp%2Fv2%2Fcomments&post=57918"}],"version-history":[{"count":2,"href":"https:\/\/cla.unipv.it\/index.php?rest_route=\/wp\/v2\/posts\/57918\/revisions"}],"predecessor-version":[{"id":57923,"href":"https:\/\/cla.unipv.it\/index.php?rest_route=\/wp\/v2\/posts\/57918\/revisions\/57923"}],"wp:attachment":[{"href":"https:\/\/cla.unipv.it\/index.php?rest_route=%2Fwp%2Fv2%2Fmedia&parent=57918"}],"wp:term":[{"taxonomy":"category","embeddable":true,"href":"https:\/\/cla.unipv.it\/index.php?rest_route=%2Fwp%2Fv2%2Fcategories&post=57918"},{"taxonomy":"post_tag","embeddable":true,"href":"https:\/\/cla.unipv.it\/index.php?rest_route=%2Fwp%2Fv2%2Ftags&post=57918"}],"curies":[{"name":"wp","href":"https:\/\/api.w.org\/{rel}","templated":true}]}}