{"id":57866,"date":"2022-10-10T19:20:34","date_gmt":"2022-10-10T17:20:34","guid":{"rendered":"https:\/\/cla.unipv.it\/?p=57866"},"modified":"2022-10-10T19:20:34","modified_gmt":"2022-10-10T17:20:34","slug":"57866","status":"publish","type":"post","link":"https:\/\/cla.unipv.it\/?p=57866","title":{"rendered":""},"content":{"rendered":"<h3>AVVISO Dott.ssa H. Fremdling<\/h3>\n<p>DIPARTIMENTO DI STUDI UMANISTICI<br \/>\nCorso di Laurea Magistrale in Linguistica teorica, applicata e delle lingue moderne<br \/>\nAttivit\u00e0 CEL di <b> LINGUA TEDESCA 1 e 2 <\/b><br \/>\n1\u00b0 semestre <\/p>\n<p>Si avvisano gli studenti che l&#8217;attivit\u00e0 didattica integrativa in aula <\/p>\n<p>di marted\u00ec 11 ottobre (Wissenschaftliches Schreiben dalle 17.00 alle 19.00) \u00e8 sospesa per l\u2019inaugurazione dell\u2019anno accademico.<br \/>\nLa prossima lezione si svolger\u00e0 marted\u00ec 18 ottobre 2022 (17-19) nella Marconi 1.<\/p>\n","protected":false},"excerpt":{"rendered":"<p>AVVISO Dott.ssa H. Fremdling DIPARTIMENTO DI STUDI UMANISTICI Corso di Laurea Magistrale in Linguistica teorica, applicata e delle lingue moderne Attivit\u00e0 CEL di LINGUA TEDESCA 1 e 2 1\u00b0 semestre Si avvisano gli studenti che l&#8217;attivit\u00e0 didattica integrativa in aula di marted\u00ec 11 ottobre (Wissenschaftliches Schreiben dalle 17.00 alle 19.00) \u00e8 sospesa per l\u2019inaugurazione dell\u2019anno&#8230;<\/p>\n","protected":false},"author":14,"featured_media":0,"comment_status":"closed","ping_status":"open","sticky":false,"template":"","format":"standard","meta":[],"categories":[17],"tags":[],"_links":{"self":[{"href":"https:\/\/cla.unipv.it\/index.php?rest_route=\/wp\/v2\/posts\/57866"}],"collection":[{"href":"https:\/\/cla.unipv.it\/index.php?rest_route=\/wp\/v2\/posts"}],"about":[{"href":"https:\/\/cla.unipv.it\/index.php?rest_route=\/wp\/v2\/types\/post"}],"author":[{"embeddable":true,"href":"https:\/\/cla.unipv.it\/index.php?rest_route=\/wp\/v2\/users\/14"}],"replies":[{"embeddable":true,"href":"https:\/\/cla.unipv.it\/index.php?rest_route=%2Fwp%2Fv2%2Fcomments&post=57866"}],"version-history":[{"count":1,"href":"https:\/\/cla.unipv.it\/index.php?rest_route=\/wp\/v2\/posts\/57866\/revisions"}],"predecessor-version":[{"id":57867,"href":"https:\/\/cla.unipv.it\/index.php?rest_route=\/wp\/v2\/posts\/57866\/revisions\/57867"}],"wp:attachment":[{"href":"https:\/\/cla.unipv.it\/index.php?rest_route=%2Fwp%2Fv2%2Fmedia&parent=57866"}],"wp:term":[{"taxonomy":"category","embeddable":true,"href":"https:\/\/cla.unipv.it\/index.php?rest_route=%2Fwp%2Fv2%2Fcategories&post=57866"},{"taxonomy":"post_tag","embeddable":true,"href":"https:\/\/cla.unipv.it\/index.php?rest_route=%2Fwp%2Fv2%2Ftags&post=57866"}],"curies":[{"name":"wp","href":"https:\/\/api.w.org\/{rel}","templated":true}]}}