{"id":57860,"date":"2022-10-10T17:30:25","date_gmt":"2022-10-10T15:30:25","guid":{"rendered":"https:\/\/cla.unipv.it\/?p=57860"},"modified":"2022-10-10T17:30:25","modified_gmt":"2022-10-10T15:30:25","slug":"57860","status":"publish","type":"post","link":"https:\/\/cla.unipv.it\/?p=57860","title":{"rendered":""},"content":{"rendered":"<h3>AVVISO Dott.ssa P. Esposito<\/h3>\n<p>DIPARTIMENTO DI STUDI UMANISTICI<br \/>\nCorso di Laurea in Filosofia<br \/>\nAttivit\u00e0 CEL di <b> LINGUA FRANCESE -a <\/b><br \/>\n1\u00b0 semestre <\/p>\n<p>Si avvisano gli studenti che l&#8217;attivit\u00e0 didattica integrativa in aula <\/p>\n<p>di marted\u00ec 11 ottobre (Francese A)  \u00e8 sospesa per l\u2019 inaugurazione dell\u2019 anno accademico.<\/p>\n","protected":false},"excerpt":{"rendered":"<p>AVVISO Dott.ssa P. Esposito DIPARTIMENTO DI STUDI UMANISTICI Corso di Laurea in Filosofia Attivit\u00e0 CEL di LINGUA FRANCESE -a 1\u00b0 semestre Si avvisano gli studenti che l&#8217;attivit\u00e0 didattica integrativa in aula di marted\u00ec 11 ottobre (Francese A) \u00e8 sospesa per l\u2019 inaugurazione dell\u2019 anno accademico.<\/p>\n","protected":false},"author":14,"featured_media":0,"comment_status":"closed","ping_status":"open","sticky":false,"template":"","format":"standard","meta":[],"categories":[17],"tags":[],"_links":{"self":[{"href":"https:\/\/cla.unipv.it\/index.php?rest_route=\/wp\/v2\/posts\/57860"}],"collection":[{"href":"https:\/\/cla.unipv.it\/index.php?rest_route=\/wp\/v2\/posts"}],"about":[{"href":"https:\/\/cla.unipv.it\/index.php?rest_route=\/wp\/v2\/types\/post"}],"author":[{"embeddable":true,"href":"https:\/\/cla.unipv.it\/index.php?rest_route=\/wp\/v2\/users\/14"}],"replies":[{"embeddable":true,"href":"https:\/\/cla.unipv.it\/index.php?rest_route=%2Fwp%2Fv2%2Fcomments&post=57860"}],"version-history":[{"count":1,"href":"https:\/\/cla.unipv.it\/index.php?rest_route=\/wp\/v2\/posts\/57860\/revisions"}],"predecessor-version":[{"id":57861,"href":"https:\/\/cla.unipv.it\/index.php?rest_route=\/wp\/v2\/posts\/57860\/revisions\/57861"}],"wp:attachment":[{"href":"https:\/\/cla.unipv.it\/index.php?rest_route=%2Fwp%2Fv2%2Fmedia&parent=57860"}],"wp:term":[{"taxonomy":"category","embeddable":true,"href":"https:\/\/cla.unipv.it\/index.php?rest_route=%2Fwp%2Fv2%2Fcategories&post=57860"},{"taxonomy":"post_tag","embeddable":true,"href":"https:\/\/cla.unipv.it\/index.php?rest_route=%2Fwp%2Fv2%2Ftags&post=57860"}],"curies":[{"name":"wp","href":"https:\/\/api.w.org\/{rel}","templated":true}]}}