{"id":57854,"date":"2022-10-10T16:10:13","date_gmt":"2022-10-10T14:10:13","guid":{"rendered":"https:\/\/cla.unipv.it\/?p=57854"},"modified":"2022-10-10T16:10:13","modified_gmt":"2022-10-10T14:10:13","slug":"57854","status":"publish","type":"post","link":"https:\/\/cla.unipv.it\/?p=57854","title":{"rendered":""},"content":{"rendered":"<h3>AVVISO Dott.ssa H. Fremdling<\/h3>\n<p>DIPARTIMENTO DI SCIENZE POLITICHE E SOCIALI<br \/>\nCorso di Laurea in C.I.M.<br \/>\nAttivit\u00e0 CEL di <b> LINGUA TEDESCA &#8211; <\/b><br \/>\n1\u00b0 semestre <\/p>\n<p>Si avvisano gli studenti che l&#8217;attivit\u00e0 didattica integrativa in aula <\/p>\n<p>per progrediti di marted\u00ec 11 ottobre (9-11) \u00e8 sospesa per l\u2019inaugurazione anno accademico.<\/p>\n","protected":false},"excerpt":{"rendered":"<p>AVVISO Dott.ssa H. Fremdling DIPARTIMENTO DI SCIENZE POLITICHE E SOCIALI Corso di Laurea in C.I.M. Attivit\u00e0 CEL di LINGUA TEDESCA &#8211; 1\u00b0 semestre Si avvisano gli studenti che l&#8217;attivit\u00e0 didattica integrativa in aula per progrediti di marted\u00ec 11 ottobre (9-11) \u00e8 sospesa per l\u2019inaugurazione anno accademico.<\/p>\n","protected":false},"author":14,"featured_media":0,"comment_status":"closed","ping_status":"open","sticky":false,"template":"","format":"standard","meta":[],"categories":[17],"tags":[],"_links":{"self":[{"href":"https:\/\/cla.unipv.it\/index.php?rest_route=\/wp\/v2\/posts\/57854"}],"collection":[{"href":"https:\/\/cla.unipv.it\/index.php?rest_route=\/wp\/v2\/posts"}],"about":[{"href":"https:\/\/cla.unipv.it\/index.php?rest_route=\/wp\/v2\/types\/post"}],"author":[{"embeddable":true,"href":"https:\/\/cla.unipv.it\/index.php?rest_route=\/wp\/v2\/users\/14"}],"replies":[{"embeddable":true,"href":"https:\/\/cla.unipv.it\/index.php?rest_route=%2Fwp%2Fv2%2Fcomments&post=57854"}],"version-history":[{"count":1,"href":"https:\/\/cla.unipv.it\/index.php?rest_route=\/wp\/v2\/posts\/57854\/revisions"}],"predecessor-version":[{"id":57855,"href":"https:\/\/cla.unipv.it\/index.php?rest_route=\/wp\/v2\/posts\/57854\/revisions\/57855"}],"wp:attachment":[{"href":"https:\/\/cla.unipv.it\/index.php?rest_route=%2Fwp%2Fv2%2Fmedia&parent=57854"}],"wp:term":[{"taxonomy":"category","embeddable":true,"href":"https:\/\/cla.unipv.it\/index.php?rest_route=%2Fwp%2Fv2%2Fcategories&post=57854"},{"taxonomy":"post_tag","embeddable":true,"href":"https:\/\/cla.unipv.it\/index.php?rest_route=%2Fwp%2Fv2%2Ftags&post=57854"}],"curies":[{"name":"wp","href":"https:\/\/api.w.org\/{rel}","templated":true}]}}