{"id":57534,"date":"2022-03-24T15:10:00","date_gmt":"2022-03-24T14:10:00","guid":{"rendered":"https:\/\/cla.unipv.it\/?p=57534"},"modified":"2022-03-24T15:10:00","modified_gmt":"2022-03-24T14:10:00","slug":"57534","status":"publish","type":"post","link":"https:\/\/cla.unipv.it\/?p=57534","title":{"rendered":""},"content":{"rendered":"<h3>AVVISO Dott.ssa E. Moriana<\/h3>\n<p>DIPARTIMENTO DI STUDI UMANISTICI<br \/>\nCorso di Laurea in Lingue e Culture Moderne<br \/>\nAttivit\u00e0 CEL di <b> LINGUA SPAGNOLA 2 <\/b><br \/>\n2\u00b0 semestre <\/p>\n<p>Si avvisano gli studenti che l&#8217;attivit\u00e0 didattica integrativa in aula <\/p>\n<p>dei giorni 12, 13, 20 e 21 aprile \u00e8 sospesa. Verr\u00e0 recuperata nei giorni venerd\u00ec 1 e venerd\u00ec 8 aprile in modalit\u00e0 online. Le lezioni si svolgeranno secondo il seguente orario:<br \/>\n\u2013 Gruppo 1: 9:00 \u2013 11:00<br \/>\n\u2013 Gruppo 2: 11:00 -13:00<br \/>\nIn questa particolare circostanza lo studente, nel caso di sovrapposizioni, pu\u00f2 scegliere a quale gruppo incorporarsi (collegamento obbligatorio tramite account di ateneo), indipendentemente da quello in presenza .<\/p>\n","protected":false},"excerpt":{"rendered":"<p>AVVISO Dott.ssa E. Moriana DIPARTIMENTO DI STUDI UMANISTICI Corso di Laurea in Lingue e Culture Moderne Attivit\u00e0 CEL di LINGUA SPAGNOLA 2 2\u00b0 semestre Si avvisano gli studenti che l&#8217;attivit\u00e0 didattica integrativa in aula dei giorni 12, 13, 20 e 21 aprile \u00e8 sospesa. Verr\u00e0 recuperata nei giorni venerd\u00ec 1 e venerd\u00ec 8 aprile in&#8230;<\/p>\n","protected":false},"author":14,"featured_media":0,"comment_status":"closed","ping_status":"open","sticky":false,"template":"","format":"standard","meta":[],"categories":[17],"tags":[],"_links":{"self":[{"href":"https:\/\/cla.unipv.it\/index.php?rest_route=\/wp\/v2\/posts\/57534"}],"collection":[{"href":"https:\/\/cla.unipv.it\/index.php?rest_route=\/wp\/v2\/posts"}],"about":[{"href":"https:\/\/cla.unipv.it\/index.php?rest_route=\/wp\/v2\/types\/post"}],"author":[{"embeddable":true,"href":"https:\/\/cla.unipv.it\/index.php?rest_route=\/wp\/v2\/users\/14"}],"replies":[{"embeddable":true,"href":"https:\/\/cla.unipv.it\/index.php?rest_route=%2Fwp%2Fv2%2Fcomments&post=57534"}],"version-history":[{"count":1,"href":"https:\/\/cla.unipv.it\/index.php?rest_route=\/wp\/v2\/posts\/57534\/revisions"}],"predecessor-version":[{"id":57535,"href":"https:\/\/cla.unipv.it\/index.php?rest_route=\/wp\/v2\/posts\/57534\/revisions\/57535"}],"wp:attachment":[{"href":"https:\/\/cla.unipv.it\/index.php?rest_route=%2Fwp%2Fv2%2Fmedia&parent=57534"}],"wp:term":[{"taxonomy":"category","embeddable":true,"href":"https:\/\/cla.unipv.it\/index.php?rest_route=%2Fwp%2Fv2%2Fcategories&post=57534"},{"taxonomy":"post_tag","embeddable":true,"href":"https:\/\/cla.unipv.it\/index.php?rest_route=%2Fwp%2Fv2%2Ftags&post=57534"}],"curies":[{"name":"wp","href":"https:\/\/api.w.org\/{rel}","templated":true}]}}