{"id":57346,"date":"2021-12-01T11:33:12","date_gmt":"2021-12-01T10:33:12","guid":{"rendered":"https:\/\/cla.unipv.it\/?p=57346"},"modified":"2021-12-01T11:33:12","modified_gmt":"2021-12-01T10:33:12","slug":"57346","status":"publish","type":"post","link":"https:\/\/cla.unipv.it\/?p=57346","title":{"rendered":""},"content":{"rendered":"<h3>AVVISO Dott.ssa M. Mazzuchelli<\/h3>\n<p>DIPARTIMENTO DI STUDI UMANISTICI<br \/>\nCorso di Laurea in Lingue e Culture Moderne<br \/>\nAttivit\u00e0 CEL di <b> LINGUA SPAGNOLA 3 <\/b><br \/>\n1\u00b0 semestre <\/p>\n<p>Si avvisano gli studenti che l&#8217;attivit\u00e0 didattica integrativa in aula <\/p>\n<p>di gioved\u00ec 2 dicembre 2021 verr\u00e0 svolta in modalit\u00e0 on line, link https:\/\/us02web.zoom.us\/j\/2827180511 secondo orario ufficiale:<br \/>\n\u2013 Gruppo 2: 14:00 \u2013 16:00<br \/>\n\u2013 Gruppo 1: 16:00 -18:00<br \/>\nSi prega di mantenere la distribuzione dei gruppi in questo caso. Se ci fossero delle difficolt\u00e0, inviate una mail a maria.mazzuchelli@unipv.it. Grazie.<\/p>\n","protected":false},"excerpt":{"rendered":"<p>AVVISO Dott.ssa M. Mazzuchelli DIPARTIMENTO DI STUDI UMANISTICI Corso di Laurea in Lingue e Culture Moderne Attivit\u00e0 CEL di LINGUA SPAGNOLA 3 1\u00b0 semestre Si avvisano gli studenti che l&#8217;attivit\u00e0 didattica integrativa in aula di gioved\u00ec 2 dicembre 2021 verr\u00e0 svolta in modalit\u00e0 on line, link https:\/\/us02web.zoom.us\/j\/2827180511 secondo orario ufficiale: \u2013 Gruppo 2: 14:00 \u2013&#8230;<\/p>\n","protected":false},"author":14,"featured_media":0,"comment_status":"closed","ping_status":"open","sticky":false,"template":"","format":"standard","meta":[],"categories":[17],"tags":[],"_links":{"self":[{"href":"https:\/\/cla.unipv.it\/index.php?rest_route=\/wp\/v2\/posts\/57346"}],"collection":[{"href":"https:\/\/cla.unipv.it\/index.php?rest_route=\/wp\/v2\/posts"}],"about":[{"href":"https:\/\/cla.unipv.it\/index.php?rest_route=\/wp\/v2\/types\/post"}],"author":[{"embeddable":true,"href":"https:\/\/cla.unipv.it\/index.php?rest_route=\/wp\/v2\/users\/14"}],"replies":[{"embeddable":true,"href":"https:\/\/cla.unipv.it\/index.php?rest_route=%2Fwp%2Fv2%2Fcomments&post=57346"}],"version-history":[{"count":1,"href":"https:\/\/cla.unipv.it\/index.php?rest_route=\/wp\/v2\/posts\/57346\/revisions"}],"predecessor-version":[{"id":57347,"href":"https:\/\/cla.unipv.it\/index.php?rest_route=\/wp\/v2\/posts\/57346\/revisions\/57347"}],"wp:attachment":[{"href":"https:\/\/cla.unipv.it\/index.php?rest_route=%2Fwp%2Fv2%2Fmedia&parent=57346"}],"wp:term":[{"taxonomy":"category","embeddable":true,"href":"https:\/\/cla.unipv.it\/index.php?rest_route=%2Fwp%2Fv2%2Fcategories&post=57346"},{"taxonomy":"post_tag","embeddable":true,"href":"https:\/\/cla.unipv.it\/index.php?rest_route=%2Fwp%2Fv2%2Ftags&post=57346"}],"curies":[{"name":"wp","href":"https:\/\/api.w.org\/{rel}","templated":true}]}}