{"id":57344,"date":"2021-12-01T10:14:50","date_gmt":"2021-12-01T09:14:50","guid":{"rendered":"https:\/\/cla.unipv.it\/?p=57344"},"modified":"2021-12-01T10:14:50","modified_gmt":"2021-12-01T09:14:50","slug":"57344","status":"publish","type":"post","link":"https:\/\/cla.unipv.it\/?p=57344","title":{"rendered":""},"content":{"rendered":"<h3>AVVISO Dott.ssa I. Averina<\/h3>\n<p>DIPARTIMENTO DI STUDI UMANISTICI<br \/>\nCorso di Laurea Magistrale in Letterature Europee e Americane<br \/>\nAttivit\u00e0 CEL di <b> LINGUA RUSSA 1 e 2 <\/b><br \/>\n1\u00b0 semestre <\/p>\n<p>Si avvisano gli studenti che l&#8217;attivit\u00e0 didattica integrativa in aula <\/p>\n<p>del gioved\u00ec 2 dicembre 2021 si svolger\u00e0 dalle 14.00 alle 16.00 in ADL2 \/AULA DIDATTICA DIPARTIMENTO DI LINGUE 2 piano, vicolo Vigoni\/<\/p>\n","protected":false},"excerpt":{"rendered":"<p>AVVISO Dott.ssa I. Averina DIPARTIMENTO DI STUDI UMANISTICI Corso di Laurea Magistrale in Letterature Europee e Americane Attivit\u00e0 CEL di LINGUA RUSSA 1 e 2 1\u00b0 semestre Si avvisano gli studenti che l&#8217;attivit\u00e0 didattica integrativa in aula del gioved\u00ec 2 dicembre 2021 si svolger\u00e0 dalle 14.00 alle 16.00 in ADL2 \/AULA DIDATTICA DIPARTIMENTO DI LINGUE&#8230;<\/p>\n","protected":false},"author":14,"featured_media":0,"comment_status":"closed","ping_status":"open","sticky":false,"template":"","format":"standard","meta":[],"categories":[17],"tags":[],"_links":{"self":[{"href":"https:\/\/cla.unipv.it\/index.php?rest_route=\/wp\/v2\/posts\/57344"}],"collection":[{"href":"https:\/\/cla.unipv.it\/index.php?rest_route=\/wp\/v2\/posts"}],"about":[{"href":"https:\/\/cla.unipv.it\/index.php?rest_route=\/wp\/v2\/types\/post"}],"author":[{"embeddable":true,"href":"https:\/\/cla.unipv.it\/index.php?rest_route=\/wp\/v2\/users\/14"}],"replies":[{"embeddable":true,"href":"https:\/\/cla.unipv.it\/index.php?rest_route=%2Fwp%2Fv2%2Fcomments&post=57344"}],"version-history":[{"count":1,"href":"https:\/\/cla.unipv.it\/index.php?rest_route=\/wp\/v2\/posts\/57344\/revisions"}],"predecessor-version":[{"id":57345,"href":"https:\/\/cla.unipv.it\/index.php?rest_route=\/wp\/v2\/posts\/57344\/revisions\/57345"}],"wp:attachment":[{"href":"https:\/\/cla.unipv.it\/index.php?rest_route=%2Fwp%2Fv2%2Fmedia&parent=57344"}],"wp:term":[{"taxonomy":"category","embeddable":true,"href":"https:\/\/cla.unipv.it\/index.php?rest_route=%2Fwp%2Fv2%2Fcategories&post=57344"},{"taxonomy":"post_tag","embeddable":true,"href":"https:\/\/cla.unipv.it\/index.php?rest_route=%2Fwp%2Fv2%2Ftags&post=57344"}],"curies":[{"name":"wp","href":"https:\/\/api.w.org\/{rel}","templated":true}]}}