{"id":57253,"date":"2021-10-19T09:18:20","date_gmt":"2021-10-19T07:18:20","guid":{"rendered":"https:\/\/cla.unipv.it\/?p=57253"},"modified":"2021-10-19T09:18:20","modified_gmt":"2021-10-19T07:18:20","slug":"57253","status":"publish","type":"post","link":"https:\/\/cla.unipv.it\/?p=57253","title":{"rendered":""},"content":{"rendered":"<h3>AVVISO Dott.ssa H. Fremdling<\/h3>\n<p>DIPARTIMENTO DI CHIMICA<br \/>\nCorso di Laurea Magistrale in Linguistica teorica, applicata e delle lingue moderne<br \/>\nAttivit\u00e0 CEL di <b> LINGUA TEDESCA 1 e 2 <\/b><br \/>\n1\u00b0 semestre <\/p>\n<p>Si avvisano gli studenti che tutte le attivit\u00e0 <\/p>\n<p>(didattica integrativa e ricevimenti) per lingua tedesca principianti e progrediti da marted\u00ec 19 ottobre a venerd\u00ec 22 ottobre 2021 sono sospesi per malattia.<\/p>\n","protected":false},"excerpt":{"rendered":"<p>AVVISO Dott.ssa H. Fremdling DIPARTIMENTO DI CHIMICA Corso di Laurea Magistrale in Linguistica teorica, applicata e delle lingue moderne Attivit\u00e0 CEL di LINGUA TEDESCA 1 e 2 1\u00b0 semestre Si avvisano gli studenti che tutte le attivit\u00e0 (didattica integrativa e ricevimenti) per lingua tedesca principianti e progrediti da marted\u00ec 19 ottobre a venerd\u00ec 22 ottobre&#8230;<\/p>\n","protected":false},"author":14,"featured_media":0,"comment_status":"closed","ping_status":"open","sticky":false,"template":"","format":"standard","meta":[],"categories":[17],"tags":[],"_links":{"self":[{"href":"https:\/\/cla.unipv.it\/index.php?rest_route=\/wp\/v2\/posts\/57253"}],"collection":[{"href":"https:\/\/cla.unipv.it\/index.php?rest_route=\/wp\/v2\/posts"}],"about":[{"href":"https:\/\/cla.unipv.it\/index.php?rest_route=\/wp\/v2\/types\/post"}],"author":[{"embeddable":true,"href":"https:\/\/cla.unipv.it\/index.php?rest_route=\/wp\/v2\/users\/14"}],"replies":[{"embeddable":true,"href":"https:\/\/cla.unipv.it\/index.php?rest_route=%2Fwp%2Fv2%2Fcomments&post=57253"}],"version-history":[{"count":1,"href":"https:\/\/cla.unipv.it\/index.php?rest_route=\/wp\/v2\/posts\/57253\/revisions"}],"predecessor-version":[{"id":57254,"href":"https:\/\/cla.unipv.it\/index.php?rest_route=\/wp\/v2\/posts\/57253\/revisions\/57254"}],"wp:attachment":[{"href":"https:\/\/cla.unipv.it\/index.php?rest_route=%2Fwp%2Fv2%2Fmedia&parent=57253"}],"wp:term":[{"taxonomy":"category","embeddable":true,"href":"https:\/\/cla.unipv.it\/index.php?rest_route=%2Fwp%2Fv2%2Fcategories&post=57253"},{"taxonomy":"post_tag","embeddable":true,"href":"https:\/\/cla.unipv.it\/index.php?rest_route=%2Fwp%2Fv2%2Ftags&post=57253"}],"curies":[{"name":"wp","href":"https:\/\/api.w.org\/{rel}","templated":true}]}}