{"id":57206,"date":"2021-10-11T16:38:58","date_gmt":"2021-10-11T14:38:58","guid":{"rendered":"https:\/\/cla.unipv.it\/?p=57206"},"modified":"2021-10-11T16:38:58","modified_gmt":"2021-10-11T14:38:58","slug":"57206","status":"publish","type":"post","link":"https:\/\/cla.unipv.it\/?p=57206","title":{"rendered":""},"content":{"rendered":"<h3>AVVISO Dott.ssa P. Esposito<\/h3>\n<p>DIPARTIMENTO DI STUDI UMANISTICI<br \/>\nCorso di Laurea in Lettere<br \/>\nAttivit\u00e0 CEL di <b> LINGUA FRANCESE -a <\/b><br \/>\n1\u00b0 semestre <\/p>\n<p>Si avvisano gli studenti che l&#8217;attivit\u00e0 didattica integrativa in aula <\/p>\n<p>delle lezioni di questa settimana (marted\u00ec e gioved\u00ec) si svolgeranno a distanza, via Zoom, stesso link:<br \/>\nhttps:\/\/us02web.zoom.us\/j\/84272325112?pwd=dHpBalFtelUvTnI5eXpQTGM0OG5uQT09<\/p>\n<p>Codice segreto: 108617<\/p>\n","protected":false},"excerpt":{"rendered":"<p>AVVISO Dott.ssa P. Esposito DIPARTIMENTO DI STUDI UMANISTICI Corso di Laurea in Lettere Attivit\u00e0 CEL di LINGUA FRANCESE -a 1\u00b0 semestre Si avvisano gli studenti che l&#8217;attivit\u00e0 didattica integrativa in aula delle lezioni di questa settimana (marted\u00ec e gioved\u00ec) si svolgeranno a distanza, via Zoom, stesso link: https:\/\/us02web.zoom.us\/j\/84272325112?pwd=dHpBalFtelUvTnI5eXpQTGM0OG5uQT09 Codice segreto: 108617<\/p>\n","protected":false},"author":14,"featured_media":0,"comment_status":"closed","ping_status":"open","sticky":false,"template":"","format":"standard","meta":[],"categories":[17],"tags":[],"_links":{"self":[{"href":"https:\/\/cla.unipv.it\/index.php?rest_route=\/wp\/v2\/posts\/57206"}],"collection":[{"href":"https:\/\/cla.unipv.it\/index.php?rest_route=\/wp\/v2\/posts"}],"about":[{"href":"https:\/\/cla.unipv.it\/index.php?rest_route=\/wp\/v2\/types\/post"}],"author":[{"embeddable":true,"href":"https:\/\/cla.unipv.it\/index.php?rest_route=\/wp\/v2\/users\/14"}],"replies":[{"embeddable":true,"href":"https:\/\/cla.unipv.it\/index.php?rest_route=%2Fwp%2Fv2%2Fcomments&post=57206"}],"version-history":[{"count":1,"href":"https:\/\/cla.unipv.it\/index.php?rest_route=\/wp\/v2\/posts\/57206\/revisions"}],"predecessor-version":[{"id":57207,"href":"https:\/\/cla.unipv.it\/index.php?rest_route=\/wp\/v2\/posts\/57206\/revisions\/57207"}],"wp:attachment":[{"href":"https:\/\/cla.unipv.it\/index.php?rest_route=%2Fwp%2Fv2%2Fmedia&parent=57206"}],"wp:term":[{"taxonomy":"category","embeddable":true,"href":"https:\/\/cla.unipv.it\/index.php?rest_route=%2Fwp%2Fv2%2Fcategories&post=57206"},{"taxonomy":"post_tag","embeddable":true,"href":"https:\/\/cla.unipv.it\/index.php?rest_route=%2Fwp%2Fv2%2Ftags&post=57206"}],"curies":[{"name":"wp","href":"https:\/\/api.w.org\/{rel}","templated":true}]}}