{"id":57133,"date":"2021-10-01T11:45:08","date_gmt":"2021-10-01T09:45:08","guid":{"rendered":"https:\/\/cla.unipv.it\/?p=57133"},"modified":"2021-10-01T11:46:34","modified_gmt":"2021-10-01T09:46:34","slug":"57133","status":"publish","type":"post","link":"https:\/\/cla.unipv.it\/?p=57133","title":{"rendered":""},"content":{"rendered":"<h3>AVVISO &#8211;<\/h3>\n<p>DIPARTIMENTO DI STUDI UMANISTICI<br \/>\nCorso di Laurea in Lingue e Culture Moderne<br \/>\nAttivit\u00e0 CEL di <b> LINGUA FRANCESE 3 <\/b><br \/>\n1\u00b0 semestre<\/p>\n<p>Si avvisano gli studenti che l&#8217;attivit\u00e0 didattica integrativa in aula<\/p>\n<p>del Dott. Gibault avr\u00e0 inizio a partire da mercoled\u00ec 6 ottobre 2021, pertanto l&#8217;attivit\u00e0 di Francese 3 Produzione orale gruppo 2 non si svolger\u00e0 marted\u00ec 5 ottobre ma a partire dalla settimana successiva.<\/p>\n","protected":false},"excerpt":{"rendered":"<p>AVVISO &#8211; DIPARTIMENTO DI STUDI UMANISTICI Corso di Laurea in Lingue e Culture Moderne Attivit\u00e0 CEL di LINGUA FRANCESE 3 1\u00b0 semestre Si avvisano gli studenti che l&#8217;attivit\u00e0 didattica integrativa in aula del Dott. Gibault avr\u00e0 inizio a partire da mercoled\u00ec 6 ottobre 2021, pertanto l&#8217;attivit\u00e0 di Francese 3 Produzione orale gruppo 2 non si&#8230;<\/p>\n","protected":false},"author":14,"featured_media":0,"comment_status":"closed","ping_status":"open","sticky":false,"template":"","format":"standard","meta":[],"categories":[17],"tags":[],"_links":{"self":[{"href":"https:\/\/cla.unipv.it\/index.php?rest_route=\/wp\/v2\/posts\/57133"}],"collection":[{"href":"https:\/\/cla.unipv.it\/index.php?rest_route=\/wp\/v2\/posts"}],"about":[{"href":"https:\/\/cla.unipv.it\/index.php?rest_route=\/wp\/v2\/types\/post"}],"author":[{"embeddable":true,"href":"https:\/\/cla.unipv.it\/index.php?rest_route=\/wp\/v2\/users\/14"}],"replies":[{"embeddable":true,"href":"https:\/\/cla.unipv.it\/index.php?rest_route=%2Fwp%2Fv2%2Fcomments&post=57133"}],"version-history":[{"count":2,"href":"https:\/\/cla.unipv.it\/index.php?rest_route=\/wp\/v2\/posts\/57133\/revisions"}],"predecessor-version":[{"id":57136,"href":"https:\/\/cla.unipv.it\/index.php?rest_route=\/wp\/v2\/posts\/57133\/revisions\/57136"}],"wp:attachment":[{"href":"https:\/\/cla.unipv.it\/index.php?rest_route=%2Fwp%2Fv2%2Fmedia&parent=57133"}],"wp:term":[{"taxonomy":"category","embeddable":true,"href":"https:\/\/cla.unipv.it\/index.php?rest_route=%2Fwp%2Fv2%2Fcategories&post=57133"},{"taxonomy":"post_tag","embeddable":true,"href":"https:\/\/cla.unipv.it\/index.php?rest_route=%2Fwp%2Fv2%2Ftags&post=57133"}],"curies":[{"name":"wp","href":"https:\/\/api.w.org\/{rel}","templated":true}]}}