{"id":57107,"date":"2021-09-30T15:27:46","date_gmt":"2021-09-30T13:27:46","guid":{"rendered":"https:\/\/cla.unipv.it\/?p=57107"},"modified":"2021-09-30T15:27:46","modified_gmt":"2021-09-30T13:27:46","slug":"57107","status":"publish","type":"post","link":"https:\/\/cla.unipv.it\/?p=57107","title":{"rendered":""},"content":{"rendered":"<h3>AVVISO Dott.ssa M. Mazzuchelli<\/h3>\n<p>DIPARTIMENTO DI STUDI UMANISTICI<br \/>\nCorso di Laurea in Lingue e Culture Moderne<br \/>\nAttivit\u00e0 CEL di <b> LINGUA SPAGNOLA 3 <\/b><br \/>\n1\u00b0 semestre <\/p>\n<p>Si avvisano gli studenti che l&#8217;attivit\u00e0 didattica integrativa in aula <\/p>\n<p>del gioved\u00ec 7 ottobre 2021 \u00e8 anticipata al mattino dello stesso giorno in modalit\u00e0 on line https:\/\/us02web.zoom.us\/j\/2827180511  per sovrapposizione di impegni accademici.<br \/>\nLe lezioni si svolgeranno secondo il seguente orario:<br \/>\n\u2013 Gruppo 1: 9:00 &#8211; 11:00<br \/>\n&#8211; Gruppo 2: 11:00 -13:00<br \/>\nIn questa particolare circostanza lo studente pu\u00f2 scegliere a quale gruppo incorporarsi  (collegamento obbligatorio tramite account di ateneo), indipendentemente da quello presenziale di appartenenza per ovviare a eventuali sovrapposizioni.<\/p>\n","protected":false},"excerpt":{"rendered":"<p>AVVISO Dott.ssa M. Mazzuchelli DIPARTIMENTO DI STUDI UMANISTICI Corso di Laurea in Lingue e Culture Moderne Attivit\u00e0 CEL di LINGUA SPAGNOLA 3 1\u00b0 semestre Si avvisano gli studenti che l&#8217;attivit\u00e0 didattica integrativa in aula del gioved\u00ec 7 ottobre 2021 \u00e8 anticipata al mattino dello stesso giorno in modalit\u00e0 on line https:\/\/us02web.zoom.us\/j\/2827180511 per sovrapposizione di impegni&#8230;<\/p>\n","protected":false},"author":14,"featured_media":0,"comment_status":"closed","ping_status":"open","sticky":false,"template":"","format":"standard","meta":[],"categories":[17],"tags":[],"_links":{"self":[{"href":"https:\/\/cla.unipv.it\/index.php?rest_route=\/wp\/v2\/posts\/57107"}],"collection":[{"href":"https:\/\/cla.unipv.it\/index.php?rest_route=\/wp\/v2\/posts"}],"about":[{"href":"https:\/\/cla.unipv.it\/index.php?rest_route=\/wp\/v2\/types\/post"}],"author":[{"embeddable":true,"href":"https:\/\/cla.unipv.it\/index.php?rest_route=\/wp\/v2\/users\/14"}],"replies":[{"embeddable":true,"href":"https:\/\/cla.unipv.it\/index.php?rest_route=%2Fwp%2Fv2%2Fcomments&post=57107"}],"version-history":[{"count":1,"href":"https:\/\/cla.unipv.it\/index.php?rest_route=\/wp\/v2\/posts\/57107\/revisions"}],"predecessor-version":[{"id":57108,"href":"https:\/\/cla.unipv.it\/index.php?rest_route=\/wp\/v2\/posts\/57107\/revisions\/57108"}],"wp:attachment":[{"href":"https:\/\/cla.unipv.it\/index.php?rest_route=%2Fwp%2Fv2%2Fmedia&parent=57107"}],"wp:term":[{"taxonomy":"category","embeddable":true,"href":"https:\/\/cla.unipv.it\/index.php?rest_route=%2Fwp%2Fv2%2Fcategories&post=57107"},{"taxonomy":"post_tag","embeddable":true,"href":"https:\/\/cla.unipv.it\/index.php?rest_route=%2Fwp%2Fv2%2Ftags&post=57107"}],"curies":[{"name":"wp","href":"https:\/\/api.w.org\/{rel}","templated":true}]}}