{"id":56361,"date":"2020-10-12T01:18:48","date_gmt":"2020-10-11T23:18:48","guid":{"rendered":"https:\/\/cla.unipv.it\/?p=56361"},"modified":"2020-10-12T01:18:48","modified_gmt":"2020-10-11T23:18:48","slug":"56361","status":"publish","type":"post","link":"https:\/\/cla.unipv.it\/?p=56361","title":{"rendered":""},"content":{"rendered":"<h3>AVVISO Dott.ssa P. Esposito<\/h3>\n<p>DIPARTIMENTO DI STUDI UMANISTICI<br \/>\nCorso di Laurea in Lingue e Culture Moderne<br \/>\nAttivit\u00e0 CEL di <b> LINGUA FRANCESE 1 <\/b><br \/>\n1\u00b0 semestre <\/p>\n<p>Si avvisano gli studenti che tutte le attivit\u00e0 <\/p>\n<p>di Francese che, per errore, sono state inserite nei corsi della collega Professoressa Irina Averina, non devono essere tenute in considerazione.<br \/>\nInoltre, ERRATA CORRIGE, la lezione di francese 1 (Comprensione e Espressione orale PRINCIPIANTI) si svolger\u00e0 luned\u00ec 12 ottobre, come da calendario, dalle 14:00 alle16.00. Il link \u00e8 quello indicato nel mio messaggio precedente:<br \/>\nPatricia Esposito is inviting you to a scheduled Zoom meeting. Prof<\/p>\n<p>Topic: Comprensione e Espressione orale 1-gruppo 1 \u2013 principianti<br \/>\nTime: Oct 12, 2020 \u2013 12.30<br \/>\n        Every week on Mon, until Nov 30, 2020<br \/>\n        Join Zoom Meeting<br \/>\nhttps:\/\/us02web.zoom.us\/j\/81502952443?pwd=dEhKMG9tcXBlS2xrbXdiMWlNWmNNZz09<br \/>\nMeeting ID: 815 0295 2443<br \/>\nPasscode: 222277<br \/>\nOne tap mobile<\/p>\n","protected":false},"excerpt":{"rendered":"<p>AVVISO Dott.ssa P. Esposito DIPARTIMENTO DI STUDI UMANISTICI Corso di Laurea in Lingue e Culture Moderne Attivit\u00e0 CEL di LINGUA FRANCESE 1 1\u00b0 semestre Si avvisano gli studenti che tutte le attivit\u00e0 di Francese che, per errore, sono state inserite nei corsi della collega Professoressa Irina Averina, non devono essere tenute in considerazione. Inoltre, ERRATA&#8230;<\/p>\n","protected":false},"author":14,"featured_media":0,"comment_status":"closed","ping_status":"open","sticky":false,"template":"","format":"standard","meta":[],"categories":[17],"tags":[],"_links":{"self":[{"href":"https:\/\/cla.unipv.it\/index.php?rest_route=\/wp\/v2\/posts\/56361"}],"collection":[{"href":"https:\/\/cla.unipv.it\/index.php?rest_route=\/wp\/v2\/posts"}],"about":[{"href":"https:\/\/cla.unipv.it\/index.php?rest_route=\/wp\/v2\/types\/post"}],"author":[{"embeddable":true,"href":"https:\/\/cla.unipv.it\/index.php?rest_route=\/wp\/v2\/users\/14"}],"replies":[{"embeddable":true,"href":"https:\/\/cla.unipv.it\/index.php?rest_route=%2Fwp%2Fv2%2Fcomments&post=56361"}],"version-history":[{"count":1,"href":"https:\/\/cla.unipv.it\/index.php?rest_route=\/wp\/v2\/posts\/56361\/revisions"}],"predecessor-version":[{"id":56362,"href":"https:\/\/cla.unipv.it\/index.php?rest_route=\/wp\/v2\/posts\/56361\/revisions\/56362"}],"wp:attachment":[{"href":"https:\/\/cla.unipv.it\/index.php?rest_route=%2Fwp%2Fv2%2Fmedia&parent=56361"}],"wp:term":[{"taxonomy":"category","embeddable":true,"href":"https:\/\/cla.unipv.it\/index.php?rest_route=%2Fwp%2Fv2%2Fcategories&post=56361"},{"taxonomy":"post_tag","embeddable":true,"href":"https:\/\/cla.unipv.it\/index.php?rest_route=%2Fwp%2Fv2%2Ftags&post=56361"}],"curies":[{"name":"wp","href":"https:\/\/api.w.org\/{rel}","templated":true}]}}