{"id":56352,"date":"2020-10-09T07:51:46","date_gmt":"2020-10-09T05:51:46","guid":{"rendered":"https:\/\/cla.unipv.it\/?p=56352"},"modified":"2020-10-09T07:51:46","modified_gmt":"2020-10-09T05:51:46","slug":"56352","status":"publish","type":"post","link":"https:\/\/cla.unipv.it\/?p=56352","title":{"rendered":""},"content":{"rendered":"<h3>AVVISO Dott. Pablo M. L\u00f3pez M\u00e9ndez<\/h3>\n<p>DIPARTIMENTO DI STUDI UMANISTICI<br \/>\nCorso di Laurea in Lettere e Filosofia<br \/>\nAttivit\u00e0 CEL di <b> LINGUA SPAGNOLA -b <\/b><br \/>\n1\u00b0 semestre <\/p>\n<p>Si avvisano gli studenti che &#8211; <\/p>\n<p>AVVISO Dott. Pablo M. L\u00f3pez M\u00e9ndez<br \/>\nCENTRO LINGUISTICO<br \/>\nCorso di Laurea in Lettere e Filosofia<br \/>\nAttivit\u00e0 di addestramento linguistico di LINGUA SPAGNOLA -b<br \/>\n1\u00b0 semestre<br \/>\nSi avvisano gli studenti che &#8211;<\/p>\n<p>Le lezione  in remoto su ZOOM si svolgeranno ogni giovedi 9:00 &#8211; 10:30<br \/>\nPer accedere dovrete cliccare questo link:<br \/>\nhttps:\/\/us02web.zoom.us\/j\/84473895993<\/p>\n<p>Per eventuali domande potete scrivermi: pablomaria.lopezmendez@unipv.it<\/p>\n<p>https:\/\/kiro2014.unipv.it\/kiro4cand\/mod\/choice\/view.php?id=246<\/p>\n<p>Grazie mille<\/p>\n","protected":false},"excerpt":{"rendered":"<p>AVVISO Dott. Pablo M. L\u00f3pez M\u00e9ndez DIPARTIMENTO DI STUDI UMANISTICI Corso di Laurea in Lettere e Filosofia Attivit\u00e0 CEL di LINGUA SPAGNOLA -b 1\u00b0 semestre Si avvisano gli studenti che &#8211; AVVISO Dott. Pablo M. L\u00f3pez M\u00e9ndez CENTRO LINGUISTICO Corso di Laurea in Lettere e Filosofia Attivit\u00e0 di addestramento linguistico di LINGUA SPAGNOLA -b 1\u00b0&#8230;<\/p>\n","protected":false},"author":21,"featured_media":0,"comment_status":"closed","ping_status":"open","sticky":false,"template":"","format":"standard","meta":[],"categories":[17],"tags":[],"_links":{"self":[{"href":"https:\/\/cla.unipv.it\/index.php?rest_route=\/wp\/v2\/posts\/56352"}],"collection":[{"href":"https:\/\/cla.unipv.it\/index.php?rest_route=\/wp\/v2\/posts"}],"about":[{"href":"https:\/\/cla.unipv.it\/index.php?rest_route=\/wp\/v2\/types\/post"}],"author":[{"embeddable":true,"href":"https:\/\/cla.unipv.it\/index.php?rest_route=\/wp\/v2\/users\/21"}],"replies":[{"embeddable":true,"href":"https:\/\/cla.unipv.it\/index.php?rest_route=%2Fwp%2Fv2%2Fcomments&post=56352"}],"version-history":[{"count":1,"href":"https:\/\/cla.unipv.it\/index.php?rest_route=\/wp\/v2\/posts\/56352\/revisions"}],"predecessor-version":[{"id":56353,"href":"https:\/\/cla.unipv.it\/index.php?rest_route=\/wp\/v2\/posts\/56352\/revisions\/56353"}],"wp:attachment":[{"href":"https:\/\/cla.unipv.it\/index.php?rest_route=%2Fwp%2Fv2%2Fmedia&parent=56352"}],"wp:term":[{"taxonomy":"category","embeddable":true,"href":"https:\/\/cla.unipv.it\/index.php?rest_route=%2Fwp%2Fv2%2Fcategories&post=56352"},{"taxonomy":"post_tag","embeddable":true,"href":"https:\/\/cla.unipv.it\/index.php?rest_route=%2Fwp%2Fv2%2Ftags&post=56352"}],"curies":[{"name":"wp","href":"https:\/\/api.w.org\/{rel}","templated":true}]}}