{"id":56347,"date":"2020-10-06T21:15:45","date_gmt":"2020-10-06T19:15:45","guid":{"rendered":"https:\/\/cla.unipv.it\/?p=56347"},"modified":"2020-10-06T21:15:45","modified_gmt":"2020-10-06T19:15:45","slug":"56347","status":"publish","type":"post","link":"https:\/\/cla.unipv.it\/?p=56347","title":{"rendered":""},"content":{"rendered":"<h3>AVVISO Dott.ssa P. Esposito<\/h3>\n<p>DIPARTIMENTO DI STUDI UMANISTICI<br \/>\nCorso di Laurea in Lingue e Culture Moderne<br \/>\nAttivit\u00e0 CEL di <b> LINGUA FRANCESE 1 <\/b><br \/>\n1\u00b0 semestre <\/p>\n<p>Si avvisano gli studenti che tutte le attivit\u00e0 <\/p>\n<p>di didattica integrativa del primo trimestre di Francese 1, gruppo 2, si svolgeranno da remoto. Il link per accedere alla lezione di domani, su Zoom, di Comprensione e Produzione orale, ore 14-16 si trova su Kiro, nella pagina del corso:<\/p>\n<p>https:\/\/elearning4.unipv.it\/cla\/course\/view.php?id=652<\/p>\n<p>Possono partecipare anche gli studenti non iscritti nei gruppi di Kiro candidates. Comunque \u00e8 ancora possibile iscriversi perch\u00e9 i gruppi non hanno pi\u00f9 limiti.<\/p>\n","protected":false},"excerpt":{"rendered":"<p>AVVISO Dott.ssa P. Esposito DIPARTIMENTO DI STUDI UMANISTICI Corso di Laurea in Lingue e Culture Moderne Attivit\u00e0 CEL di LINGUA FRANCESE 1 1\u00b0 semestre Si avvisano gli studenti che tutte le attivit\u00e0 di didattica integrativa del primo trimestre di Francese 1, gruppo 2, si svolgeranno da remoto. Il link per accedere alla lezione di domani,&#8230;<\/p>\n","protected":false},"author":14,"featured_media":0,"comment_status":"closed","ping_status":"open","sticky":false,"template":"","format":"standard","meta":[],"categories":[17],"tags":[],"_links":{"self":[{"href":"https:\/\/cla.unipv.it\/index.php?rest_route=\/wp\/v2\/posts\/56347"}],"collection":[{"href":"https:\/\/cla.unipv.it\/index.php?rest_route=\/wp\/v2\/posts"}],"about":[{"href":"https:\/\/cla.unipv.it\/index.php?rest_route=\/wp\/v2\/types\/post"}],"author":[{"embeddable":true,"href":"https:\/\/cla.unipv.it\/index.php?rest_route=\/wp\/v2\/users\/14"}],"replies":[{"embeddable":true,"href":"https:\/\/cla.unipv.it\/index.php?rest_route=%2Fwp%2Fv2%2Fcomments&post=56347"}],"version-history":[{"count":1,"href":"https:\/\/cla.unipv.it\/index.php?rest_route=\/wp\/v2\/posts\/56347\/revisions"}],"predecessor-version":[{"id":56348,"href":"https:\/\/cla.unipv.it\/index.php?rest_route=\/wp\/v2\/posts\/56347\/revisions\/56348"}],"wp:attachment":[{"href":"https:\/\/cla.unipv.it\/index.php?rest_route=%2Fwp%2Fv2%2Fmedia&parent=56347"}],"wp:term":[{"taxonomy":"category","embeddable":true,"href":"https:\/\/cla.unipv.it\/index.php?rest_route=%2Fwp%2Fv2%2Fcategories&post=56347"},{"taxonomy":"post_tag","embeddable":true,"href":"https:\/\/cla.unipv.it\/index.php?rest_route=%2Fwp%2Fv2%2Ftags&post=56347"}],"curies":[{"name":"wp","href":"https:\/\/api.w.org\/{rel}","templated":true}]}}