{"id":56345,"date":"2020-10-06T20:17:17","date_gmt":"2020-10-06T18:17:17","guid":{"rendered":"https:\/\/cla.unipv.it\/?p=56345"},"modified":"2020-10-06T20:17:17","modified_gmt":"2020-10-06T18:17:17","slug":"56345","status":"publish","type":"post","link":"https:\/\/cla.unipv.it\/?p=56345","title":{"rendered":""},"content":{"rendered":"<h3>AVVISO Dott.ssa P. Esposito<\/h3>\n<p>DIPARTIMENTO DI STUDI UMANISTICI<br \/>\nCorso di Laurea in Lingue e Culture Moderne<br \/>\nAttivit\u00e0 CEL di <b> LINGUA FRANCESE 1 <\/b><br \/>\n1\u00b0 semestre <\/p>\n<p>Si avvisano gli studenti che tutte le attivit\u00e0 <\/p>\n<p>di didattica integrativa del primo trimestre si svolgeranno da remoto. Il link per accedere a Zoom domani,  per la lezione di grammatica 1 (gruppo 2), si trova su Kiro, nella pagina del corso:<\/p>\n<p>https:\/\/elearning4.unipv.it\/cla\/course\/view.php?id=653<\/p>\n<p>Non \u00e8 necessario essere iscritti su kiro candidates per patecipare. Ci si pu\u00f2 comunque iscriversi perch\u00e9 le liste dei gruppi sono state riaperte.<\/p>\n","protected":false},"excerpt":{"rendered":"<p>AVVISO Dott.ssa P. Esposito DIPARTIMENTO DI STUDI UMANISTICI Corso di Laurea in Lingue e Culture Moderne Attivit\u00e0 CEL di LINGUA FRANCESE 1 1\u00b0 semestre Si avvisano gli studenti che tutte le attivit\u00e0 di didattica integrativa del primo trimestre si svolgeranno da remoto. Il link per accedere a Zoom domani, per la lezione di grammatica 1&#8230;<\/p>\n","protected":false},"author":14,"featured_media":0,"comment_status":"closed","ping_status":"open","sticky":false,"template":"","format":"standard","meta":[],"categories":[17],"tags":[],"_links":{"self":[{"href":"https:\/\/cla.unipv.it\/index.php?rest_route=\/wp\/v2\/posts\/56345"}],"collection":[{"href":"https:\/\/cla.unipv.it\/index.php?rest_route=\/wp\/v2\/posts"}],"about":[{"href":"https:\/\/cla.unipv.it\/index.php?rest_route=\/wp\/v2\/types\/post"}],"author":[{"embeddable":true,"href":"https:\/\/cla.unipv.it\/index.php?rest_route=\/wp\/v2\/users\/14"}],"replies":[{"embeddable":true,"href":"https:\/\/cla.unipv.it\/index.php?rest_route=%2Fwp%2Fv2%2Fcomments&post=56345"}],"version-history":[{"count":1,"href":"https:\/\/cla.unipv.it\/index.php?rest_route=\/wp\/v2\/posts\/56345\/revisions"}],"predecessor-version":[{"id":56346,"href":"https:\/\/cla.unipv.it\/index.php?rest_route=\/wp\/v2\/posts\/56345\/revisions\/56346"}],"wp:attachment":[{"href":"https:\/\/cla.unipv.it\/index.php?rest_route=%2Fwp%2Fv2%2Fmedia&parent=56345"}],"wp:term":[{"taxonomy":"category","embeddable":true,"href":"https:\/\/cla.unipv.it\/index.php?rest_route=%2Fwp%2Fv2%2Fcategories&post=56345"},{"taxonomy":"post_tag","embeddable":true,"href":"https:\/\/cla.unipv.it\/index.php?rest_route=%2Fwp%2Fv2%2Ftags&post=56345"}],"curies":[{"name":"wp","href":"https:\/\/api.w.org\/{rel}","templated":true}]}}