{"id":56338,"date":"2020-10-05T21:10:26","date_gmt":"2020-10-05T19:10:26","guid":{"rendered":"https:\/\/cla.unipv.it\/?p=56338"},"modified":"2020-10-05T21:10:26","modified_gmt":"2020-10-05T19:10:26","slug":"56338","status":"publish","type":"post","link":"https:\/\/cla.unipv.it\/?p=56338","title":{"rendered":""},"content":{"rendered":"<h3>AVVISO Dott.ssa P. Esposito<\/h3>\n<p>DIPARTIMENTO DI STUDI UMANISTICI<br \/>\nCorso di Laurea in Lingue e Culture Moderne<br \/>\nAttivit\u00e0 CEL di <b> LINGUA FRANCESE 2 <\/b><br \/>\n1\u00b0 semestre <\/p>\n<p>Si avvisano gli studenti che tutte le attivit\u00e0 <\/p>\n<p>di didattica integrativa del Corso di grammatica 2  (gruppo 1) si svolger\u00e0 da remoto nel primo trimestre, nell&#8217;orario stabilito (marted\u00ec 16-18).<br \/>\nPer accedere a ZOOM e partecipare alla lezione:<\/p>\n<p>https:\/\/us02web.zoom.us\/j\/86847196307<br \/>\npwd=a0d2d2ZMSVpGN0VWSWFqOVdkR0hXZz09<\/p>\n<p>ID de r\u00e9union : 868 4719 6307<br \/>\nCode secret : 719731<br \/>\nUne seule touche sur l\u2019appareil mobile<\/p>\n<p>N.B: Sono accettati anche studenti che non si sono potuti iscrivere ai gruppi (completi) poich\u00e9 le lezioni del primo trimestre si svolgeranno da remoto (cio\u00e8 online\/a distanza).A questi ultimi , sarei grata se mi comunicassero i loro nominativi. Inoltre, preciso che per l&#8217;accesso ai corsi su ZOOM, si deve SEMPRE usare l&#8217;indirizzo istituzionale (universit\u00e0 di pavia.it).<\/p>\n","protected":false},"excerpt":{"rendered":"<p>AVVISO Dott.ssa P. Esposito DIPARTIMENTO DI STUDI UMANISTICI Corso di Laurea in Lingue e Culture Moderne Attivit\u00e0 CEL di LINGUA FRANCESE 2 1\u00b0 semestre Si avvisano gli studenti che tutte le attivit\u00e0 di didattica integrativa del Corso di grammatica 2 (gruppo 1) si svolger\u00e0 da remoto nel primo trimestre, nell&#8217;orario stabilito (marted\u00ec 16-18). Per accedere&#8230;<\/p>\n","protected":false},"author":14,"featured_media":0,"comment_status":"closed","ping_status":"open","sticky":false,"template":"","format":"standard","meta":[],"categories":[17],"tags":[],"_links":{"self":[{"href":"https:\/\/cla.unipv.it\/index.php?rest_route=\/wp\/v2\/posts\/56338"}],"collection":[{"href":"https:\/\/cla.unipv.it\/index.php?rest_route=\/wp\/v2\/posts"}],"about":[{"href":"https:\/\/cla.unipv.it\/index.php?rest_route=\/wp\/v2\/types\/post"}],"author":[{"embeddable":true,"href":"https:\/\/cla.unipv.it\/index.php?rest_route=\/wp\/v2\/users\/14"}],"replies":[{"embeddable":true,"href":"https:\/\/cla.unipv.it\/index.php?rest_route=%2Fwp%2Fv2%2Fcomments&post=56338"}],"version-history":[{"count":1,"href":"https:\/\/cla.unipv.it\/index.php?rest_route=\/wp\/v2\/posts\/56338\/revisions"}],"predecessor-version":[{"id":56339,"href":"https:\/\/cla.unipv.it\/index.php?rest_route=\/wp\/v2\/posts\/56338\/revisions\/56339"}],"wp:attachment":[{"href":"https:\/\/cla.unipv.it\/index.php?rest_route=%2Fwp%2Fv2%2Fmedia&parent=56338"}],"wp:term":[{"taxonomy":"category","embeddable":true,"href":"https:\/\/cla.unipv.it\/index.php?rest_route=%2Fwp%2Fv2%2Fcategories&post=56338"},{"taxonomy":"post_tag","embeddable":true,"href":"https:\/\/cla.unipv.it\/index.php?rest_route=%2Fwp%2Fv2%2Ftags&post=56338"}],"curies":[{"name":"wp","href":"https:\/\/api.w.org\/{rel}","templated":true}]}}