{"id":56326,"date":"2020-10-04T20:23:31","date_gmt":"2020-10-04T18:23:31","guid":{"rendered":"https:\/\/cla.unipv.it\/?p=56326"},"modified":"2020-10-04T20:23:31","modified_gmt":"2020-10-04T18:23:31","slug":"56326","status":"publish","type":"post","link":"https:\/\/cla.unipv.it\/?p=56326","title":{"rendered":""},"content":{"rendered":"<h3>AVVISO Dott.ssa M. Mazzuchelli<\/h3>\n<p>DIPARTIMENTO DI STUDI UMANISTICI<br \/>\nCorso di Laurea in Lingue e Culture Moderne<br \/>\nAttivit\u00e0 CEL di <b> LINGUA SPAGNOLA 3 <\/b><br \/>\n1\u00b0 semestre <\/p>\n<p>Si avvisano gli studenti che &#8211; <\/p>\n<p>l&#8217;attivit\u00e0 didattica da remoto programmata per il gruppo 2 di marted\u00ec 6 ottobre \u00e8 sospesa a causa di impegni istituzionali. Verr\u00e0 recuperata venerd\u00ec 9 ottobre, nello stesso orario, vale a dire, dalle 14.00 alle 16.00.<\/p>\n","protected":false},"excerpt":{"rendered":"<p>AVVISO Dott.ssa M. Mazzuchelli DIPARTIMENTO DI STUDI UMANISTICI Corso di Laurea in Lingue e Culture Moderne Attivit\u00e0 CEL di LINGUA SPAGNOLA 3 1\u00b0 semestre Si avvisano gli studenti che &#8211; l&#8217;attivit\u00e0 didattica da remoto programmata per il gruppo 2 di marted\u00ec 6 ottobre \u00e8 sospesa a causa di impegni istituzionali. Verr\u00e0 recuperata venerd\u00ec 9 ottobre,&#8230;<\/p>\n","protected":false},"author":14,"featured_media":0,"comment_status":"closed","ping_status":"open","sticky":false,"template":"","format":"standard","meta":[],"categories":[17],"tags":[],"_links":{"self":[{"href":"https:\/\/cla.unipv.it\/index.php?rest_route=\/wp\/v2\/posts\/56326"}],"collection":[{"href":"https:\/\/cla.unipv.it\/index.php?rest_route=\/wp\/v2\/posts"}],"about":[{"href":"https:\/\/cla.unipv.it\/index.php?rest_route=\/wp\/v2\/types\/post"}],"author":[{"embeddable":true,"href":"https:\/\/cla.unipv.it\/index.php?rest_route=\/wp\/v2\/users\/14"}],"replies":[{"embeddable":true,"href":"https:\/\/cla.unipv.it\/index.php?rest_route=%2Fwp%2Fv2%2Fcomments&post=56326"}],"version-history":[{"count":1,"href":"https:\/\/cla.unipv.it\/index.php?rest_route=\/wp\/v2\/posts\/56326\/revisions"}],"predecessor-version":[{"id":56327,"href":"https:\/\/cla.unipv.it\/index.php?rest_route=\/wp\/v2\/posts\/56326\/revisions\/56327"}],"wp:attachment":[{"href":"https:\/\/cla.unipv.it\/index.php?rest_route=%2Fwp%2Fv2%2Fmedia&parent=56326"}],"wp:term":[{"taxonomy":"category","embeddable":true,"href":"https:\/\/cla.unipv.it\/index.php?rest_route=%2Fwp%2Fv2%2Fcategories&post=56326"},{"taxonomy":"post_tag","embeddable":true,"href":"https:\/\/cla.unipv.it\/index.php?rest_route=%2Fwp%2Fv2%2Ftags&post=56326"}],"curies":[{"name":"wp","href":"https:\/\/api.w.org\/{rel}","templated":true}]}}