{"id":55855,"date":"2020-05-04T15:09:53","date_gmt":"2020-05-04T13:09:53","guid":{"rendered":"https:\/\/cla.unipv.it\/?p=55855"},"modified":"2020-05-04T15:09:53","modified_gmt":"2020-05-04T13:09:53","slug":"55855","status":"publish","type":"post","link":"https:\/\/cla.unipv.it\/?p=55855","title":{"rendered":""},"content":{"rendered":"<h3>AVVISO Dott.ssa E. Moriana<\/h3>\n<p>DIPARTIMENTO DI STUDI UMANISTICI<br \/>\nCorso di Laurea Magistrale in Letterature Europee e Americane<br \/>\nAttivit\u00e0 CEL di <b> LINGUA SPAGNOLA 1 e 2 <\/b><br \/>\n2\u00b0 semestre <\/p>\n<p>Si avvisano gli studenti che &#8211; <\/p>\n<p>La didattica a distanza di questa settimana per la L.M. \u00e8 a disposizione su Kiro. Si ricorda che ci sar\u00e0 una lezione con Google Meet gioved\u00ec 7 maggio alle 16 ore e si potr\u00e0 entrare direttamente da Kiro.<\/p>\n","protected":false},"excerpt":{"rendered":"<p>AVVISO Dott.ssa E. Moriana DIPARTIMENTO DI STUDI UMANISTICI Corso di Laurea Magistrale in Letterature Europee e Americane Attivit\u00e0 CEL di LINGUA SPAGNOLA 1 e 2 2\u00b0 semestre Si avvisano gli studenti che &#8211; La didattica a distanza di questa settimana per la L.M. \u00e8 a disposizione su Kiro. Si ricorda che ci sar\u00e0 una lezione&#8230;<\/p>\n","protected":false},"author":14,"featured_media":0,"comment_status":"closed","ping_status":"open","sticky":false,"template":"","format":"standard","meta":[],"categories":[17],"tags":[],"_links":{"self":[{"href":"https:\/\/cla.unipv.it\/index.php?rest_route=\/wp\/v2\/posts\/55855"}],"collection":[{"href":"https:\/\/cla.unipv.it\/index.php?rest_route=\/wp\/v2\/posts"}],"about":[{"href":"https:\/\/cla.unipv.it\/index.php?rest_route=\/wp\/v2\/types\/post"}],"author":[{"embeddable":true,"href":"https:\/\/cla.unipv.it\/index.php?rest_route=\/wp\/v2\/users\/14"}],"replies":[{"embeddable":true,"href":"https:\/\/cla.unipv.it\/index.php?rest_route=%2Fwp%2Fv2%2Fcomments&post=55855"}],"version-history":[{"count":1,"href":"https:\/\/cla.unipv.it\/index.php?rest_route=\/wp\/v2\/posts\/55855\/revisions"}],"predecessor-version":[{"id":55856,"href":"https:\/\/cla.unipv.it\/index.php?rest_route=\/wp\/v2\/posts\/55855\/revisions\/55856"}],"wp:attachment":[{"href":"https:\/\/cla.unipv.it\/index.php?rest_route=%2Fwp%2Fv2%2Fmedia&parent=55855"}],"wp:term":[{"taxonomy":"category","embeddable":true,"href":"https:\/\/cla.unipv.it\/index.php?rest_route=%2Fwp%2Fv2%2Fcategories&post=55855"},{"taxonomy":"post_tag","embeddable":true,"href":"https:\/\/cla.unipv.it\/index.php?rest_route=%2Fwp%2Fv2%2Ftags&post=55855"}],"curies":[{"name":"wp","href":"https:\/\/api.w.org\/{rel}","templated":true}]}}