{"id":55344,"date":"2019-12-11T18:46:22","date_gmt":"2019-12-11T17:46:22","guid":{"rendered":"https:\/\/cla.unipv.it\/?p=55344"},"modified":"2019-12-11T18:46:22","modified_gmt":"2019-12-11T17:46:22","slug":"55344","status":"publish","type":"post","link":"https:\/\/cla.unipv.it\/?p=55344","title":{"rendered":""},"content":{"rendered":"<h3>AVVISO Dott.ssa H. Fremdling<\/h3>\n<p>DIPARTIMENTO DI SCIENZE POLITICHE E SOCIALI<br \/>\nCorso di Laurea in C.I.M.<br \/>\nAttivit\u00e0 CEL di <b> LINGUA TEDESCA 1 <\/b><br \/>\n1\u00b0 semestre <\/p>\n<p>Si avvisano gli studenti che l&#8217;attivit\u00e0 didattica integrativa in aula <\/p>\n<p>per la Lingua Tedesca CIM progrediti, gioved\u00ec 12 dicembre dalle 9 alle 11 (Aula B di Scienze Politiche) non si svolge pi\u00f9 (l&#8217;ultima ora si \u00e8 svolto marted\u00ec 11 dicembre dalle 14 alle 16).<\/p>\n","protected":false},"excerpt":{"rendered":"<p>AVVISO Dott.ssa H. Fremdling DIPARTIMENTO DI SCIENZE POLITICHE E SOCIALI Corso di Laurea in C.I.M. Attivit\u00e0 CEL di LINGUA TEDESCA 1 1\u00b0 semestre Si avvisano gli studenti che l&#8217;attivit\u00e0 didattica integrativa in aula per la Lingua Tedesca CIM progrediti, gioved\u00ec 12 dicembre dalle 9 alle 11 (Aula B di Scienze Politiche) non si svolge pi\u00f9&#8230;<\/p>\n","protected":false},"author":14,"featured_media":0,"comment_status":"closed","ping_status":"open","sticky":false,"template":"","format":"standard","meta":[],"categories":[17],"tags":[],"_links":{"self":[{"href":"https:\/\/cla.unipv.it\/index.php?rest_route=\/wp\/v2\/posts\/55344"}],"collection":[{"href":"https:\/\/cla.unipv.it\/index.php?rest_route=\/wp\/v2\/posts"}],"about":[{"href":"https:\/\/cla.unipv.it\/index.php?rest_route=\/wp\/v2\/types\/post"}],"author":[{"embeddable":true,"href":"https:\/\/cla.unipv.it\/index.php?rest_route=\/wp\/v2\/users\/14"}],"replies":[{"embeddable":true,"href":"https:\/\/cla.unipv.it\/index.php?rest_route=%2Fwp%2Fv2%2Fcomments&post=55344"}],"version-history":[{"count":1,"href":"https:\/\/cla.unipv.it\/index.php?rest_route=\/wp\/v2\/posts\/55344\/revisions"}],"predecessor-version":[{"id":55345,"href":"https:\/\/cla.unipv.it\/index.php?rest_route=\/wp\/v2\/posts\/55344\/revisions\/55345"}],"wp:attachment":[{"href":"https:\/\/cla.unipv.it\/index.php?rest_route=%2Fwp%2Fv2%2Fmedia&parent=55344"}],"wp:term":[{"taxonomy":"category","embeddable":true,"href":"https:\/\/cla.unipv.it\/index.php?rest_route=%2Fwp%2Fv2%2Fcategories&post=55344"},{"taxonomy":"post_tag","embeddable":true,"href":"https:\/\/cla.unipv.it\/index.php?rest_route=%2Fwp%2Fv2%2Ftags&post=55344"}],"curies":[{"name":"wp","href":"https:\/\/api.w.org\/{rel}","templated":true}]}}