{"id":55326,"date":"2019-12-10T12:27:26","date_gmt":"2019-12-10T11:27:26","guid":{"rendered":"https:\/\/cla.unipv.it\/?p=55326"},"modified":"2019-12-10T12:27:26","modified_gmt":"2019-12-10T11:27:26","slug":"55326","status":"publish","type":"post","link":"https:\/\/cla.unipv.it\/?p=55326","title":{"rendered":""},"content":{"rendered":"<h3>AVVISO Dott. Carlos A. Jim\u00e9nez Climent<\/h3>\n<p>DIPARTIMENTO DI SCIENZE POLITICHE E SOCIALI<br \/>\nCorso di Laurea in C.I.M.<br \/>\nAttivit\u00e0 CEL di <b> LINGUA SPAGNOLA 1 <\/b><br \/>\n1\u00b0 semestre <\/p>\n<p>Si avvisano gli studenti che l&#8217;attivit\u00e0 in aula <\/p>\n<p>Si avvisano gli studenti che l\u2019attivit\u00e0 in aula<br \/>\ndel dott. Jim\u00e9nez per i prossimi giorni sarebbe come segue:<br \/>\nMercoled\u00ec 11 dicembre 14-16 \u2013 Corso propedeutico Lingua Spagnola \u2013 GRUPPI A, B e C (aula VII di giurisprudenza)<br \/>\nLuned\u00ec 16 dicembre 14-16 \u2013 Corso propedeutico Lingua Spagnola \u2013 GRUPPI A, B e C (aula VII di giurisprudenza)<br \/>\nMercoled\u00ec 18 dicembre 14-16 \u2013 Corso propedeutico Lingua Spagnola \u2013 GRUPPI A, B e C (aula VII di giurisprudenza)<\/p>\n","protected":false},"excerpt":{"rendered":"<p>AVVISO Dott. Carlos A. Jim\u00e9nez Climent DIPARTIMENTO DI SCIENZE POLITICHE E SOCIALI Corso di Laurea in C.I.M. Attivit\u00e0 CEL di LINGUA SPAGNOLA 1 1\u00b0 semestre Si avvisano gli studenti che l&#8217;attivit\u00e0 in aula Si avvisano gli studenti che l\u2019attivit\u00e0 in aula del dott. Jim\u00e9nez per i prossimi giorni sarebbe come segue: Mercoled\u00ec 11 dicembre 14-16&#8230;<\/p>\n","protected":false},"author":21,"featured_media":0,"comment_status":"closed","ping_status":"open","sticky":false,"template":"","format":"standard","meta":[],"categories":[17],"tags":[],"_links":{"self":[{"href":"https:\/\/cla.unipv.it\/index.php?rest_route=\/wp\/v2\/posts\/55326"}],"collection":[{"href":"https:\/\/cla.unipv.it\/index.php?rest_route=\/wp\/v2\/posts"}],"about":[{"href":"https:\/\/cla.unipv.it\/index.php?rest_route=\/wp\/v2\/types\/post"}],"author":[{"embeddable":true,"href":"https:\/\/cla.unipv.it\/index.php?rest_route=\/wp\/v2\/users\/21"}],"replies":[{"embeddable":true,"href":"https:\/\/cla.unipv.it\/index.php?rest_route=%2Fwp%2Fv2%2Fcomments&post=55326"}],"version-history":[{"count":1,"href":"https:\/\/cla.unipv.it\/index.php?rest_route=\/wp\/v2\/posts\/55326\/revisions"}],"predecessor-version":[{"id":55327,"href":"https:\/\/cla.unipv.it\/index.php?rest_route=\/wp\/v2\/posts\/55326\/revisions\/55327"}],"wp:attachment":[{"href":"https:\/\/cla.unipv.it\/index.php?rest_route=%2Fwp%2Fv2%2Fmedia&parent=55326"}],"wp:term":[{"taxonomy":"category","embeddable":true,"href":"https:\/\/cla.unipv.it\/index.php?rest_route=%2Fwp%2Fv2%2Fcategories&post=55326"},{"taxonomy":"post_tag","embeddable":true,"href":"https:\/\/cla.unipv.it\/index.php?rest_route=%2Fwp%2Fv2%2Ftags&post=55326"}],"curies":[{"name":"wp","href":"https:\/\/api.w.org\/{rel}","templated":true}]}}