{"id":55282,"date":"2019-11-28T11:59:57","date_gmt":"2019-11-28T10:59:57","guid":{"rendered":"https:\/\/cla.unipv.it\/?p=55282"},"modified":"2019-11-28T11:59:57","modified_gmt":"2019-11-28T10:59:57","slug":"55282","status":"publish","type":"post","link":"https:\/\/cla.unipv.it\/?p=55282","title":{"rendered":""},"content":{"rendered":"<h3>AVVISO Dott.ssa M. Mazzuchelli<\/h3>\n<p>DIPARTIMENTO DI STUDI UMANISTICI<br \/>\nCorso di Laurea in Lingue e Culture Moderne<br \/>\nAttivit\u00e0 CEL di <b> LINGUA SPAGNOLA 3 <\/b><br \/>\n1\u00b0 semestre <\/p>\n<p>Si avvisano gli studenti che &#8211; <\/p>\n<p>Modifica al precedente avviso:<br \/>\n La lezione del marted\u00ec 10 dicembre, gruppo 1, \u00e9 posticipata a mercoled\u00ec 11 dicembre, ore 14.00-16.00, presso l\u2019aula III di Giurisprudenza (Sede Centrale).<\/p>\n","protected":false},"excerpt":{"rendered":"<p>AVVISO Dott.ssa M. Mazzuchelli DIPARTIMENTO DI STUDI UMANISTICI Corso di Laurea in Lingue e Culture Moderne Attivit\u00e0 CEL di LINGUA SPAGNOLA 3 1\u00b0 semestre Si avvisano gli studenti che &#8211; Modifica al precedente avviso: La lezione del marted\u00ec 10 dicembre, gruppo 1, \u00e9 posticipata a mercoled\u00ec 11 dicembre, ore 14.00-16.00, presso l\u2019aula III di Giurisprudenza&#8230;<\/p>\n","protected":false},"author":14,"featured_media":0,"comment_status":"closed","ping_status":"open","sticky":false,"template":"","format":"standard","meta":[],"categories":[17],"tags":[],"_links":{"self":[{"href":"https:\/\/cla.unipv.it\/index.php?rest_route=\/wp\/v2\/posts\/55282"}],"collection":[{"href":"https:\/\/cla.unipv.it\/index.php?rest_route=\/wp\/v2\/posts"}],"about":[{"href":"https:\/\/cla.unipv.it\/index.php?rest_route=\/wp\/v2\/types\/post"}],"author":[{"embeddable":true,"href":"https:\/\/cla.unipv.it\/index.php?rest_route=\/wp\/v2\/users\/14"}],"replies":[{"embeddable":true,"href":"https:\/\/cla.unipv.it\/index.php?rest_route=%2Fwp%2Fv2%2Fcomments&post=55282"}],"version-history":[{"count":1,"href":"https:\/\/cla.unipv.it\/index.php?rest_route=\/wp\/v2\/posts\/55282\/revisions"}],"predecessor-version":[{"id":55283,"href":"https:\/\/cla.unipv.it\/index.php?rest_route=\/wp\/v2\/posts\/55282\/revisions\/55283"}],"wp:attachment":[{"href":"https:\/\/cla.unipv.it\/index.php?rest_route=%2Fwp%2Fv2%2Fmedia&parent=55282"}],"wp:term":[{"taxonomy":"category","embeddable":true,"href":"https:\/\/cla.unipv.it\/index.php?rest_route=%2Fwp%2Fv2%2Fcategories&post=55282"},{"taxonomy":"post_tag","embeddable":true,"href":"https:\/\/cla.unipv.it\/index.php?rest_route=%2Fwp%2Fv2%2Ftags&post=55282"}],"curies":[{"name":"wp","href":"https:\/\/api.w.org\/{rel}","templated":true}]}}