{"id":55252,"date":"2019-11-22T19:16:35","date_gmt":"2019-11-22T18:16:35","guid":{"rendered":"https:\/\/cla.unipv.it\/?p=55252"},"modified":"2019-11-22T19:16:35","modified_gmt":"2019-11-22T18:16:35","slug":"55252","status":"publish","type":"post","link":"https:\/\/cla.unipv.it\/?p=55252","title":{"rendered":""},"content":{"rendered":"<h3>AVVISO Dott. D. Harlos<\/h3>\n<p>DIPARTIMENTO DI STUDI UMANISTICI<br \/>\nCorso di Laurea in Lingue e Culture Moderne<br \/>\nAttivit\u00e0 CEL di <b> LINGUA TEDESCA 1 <\/b><br \/>\n1\u00b0 semestre <\/p>\n<p>Si avvisano gli studenti che l&#8217;attivit\u00e0 didattica integrativa in aula <\/p>\n<p>per il gruppo &#8220;intermedi&#8221; di luned\u00ec 25 novembre 2019 dalle ore 9 alle ore 11 in aula Marconi 1 \u00e8 sospeso.<\/p>\n","protected":false},"excerpt":{"rendered":"<p>AVVISO Dott. D. Harlos DIPARTIMENTO DI STUDI UMANISTICI Corso di Laurea in Lingue e Culture Moderne Attivit\u00e0 CEL di LINGUA TEDESCA 1 1\u00b0 semestre Si avvisano gli studenti che l&#8217;attivit\u00e0 didattica integrativa in aula per il gruppo &#8220;intermedi&#8221; di luned\u00ec 25 novembre 2019 dalle ore 9 alle ore 11 in aula Marconi 1 \u00e8 sospeso.<\/p>\n","protected":false},"author":14,"featured_media":0,"comment_status":"closed","ping_status":"open","sticky":false,"template":"","format":"standard","meta":[],"categories":[17],"tags":[],"_links":{"self":[{"href":"https:\/\/cla.unipv.it\/index.php?rest_route=\/wp\/v2\/posts\/55252"}],"collection":[{"href":"https:\/\/cla.unipv.it\/index.php?rest_route=\/wp\/v2\/posts"}],"about":[{"href":"https:\/\/cla.unipv.it\/index.php?rest_route=\/wp\/v2\/types\/post"}],"author":[{"embeddable":true,"href":"https:\/\/cla.unipv.it\/index.php?rest_route=\/wp\/v2\/users\/14"}],"replies":[{"embeddable":true,"href":"https:\/\/cla.unipv.it\/index.php?rest_route=%2Fwp%2Fv2%2Fcomments&post=55252"}],"version-history":[{"count":1,"href":"https:\/\/cla.unipv.it\/index.php?rest_route=\/wp\/v2\/posts\/55252\/revisions"}],"predecessor-version":[{"id":55253,"href":"https:\/\/cla.unipv.it\/index.php?rest_route=\/wp\/v2\/posts\/55252\/revisions\/55253"}],"wp:attachment":[{"href":"https:\/\/cla.unipv.it\/index.php?rest_route=%2Fwp%2Fv2%2Fmedia&parent=55252"}],"wp:term":[{"taxonomy":"category","embeddable":true,"href":"https:\/\/cla.unipv.it\/index.php?rest_route=%2Fwp%2Fv2%2Fcategories&post=55252"},{"taxonomy":"post_tag","embeddable":true,"href":"https:\/\/cla.unipv.it\/index.php?rest_route=%2Fwp%2Fv2%2Ftags&post=55252"}],"curies":[{"name":"wp","href":"https:\/\/api.w.org\/{rel}","templated":true}]}}