{"id":55250,"date":"2019-11-21T17:15:21","date_gmt":"2019-11-21T16:15:21","guid":{"rendered":"https:\/\/cla.unipv.it\/?p=55250"},"modified":"2019-11-21T17:15:21","modified_gmt":"2019-11-21T16:15:21","slug":"55250","status":"publish","type":"post","link":"https:\/\/cla.unipv.it\/?p=55250","title":{"rendered":""},"content":{"rendered":"<h3>AVVISO Dott.ssa Maria Federica Vicario<\/h3>\n<p>CENTRO LINGUISTICO<br \/>\n&#8211;<br \/>\nAttivit\u00e0 CEL di <b> LINGUA ITALIANA Livello A2 <\/b><br \/>\n1\u00b0 semestre <\/p>\n<p>Si avvisano gli studenti che l&#8217;attivit\u00e0 in aula <\/p>\n<p>oggi, 21 novembre non sar\u00e0 effettuata. sar\u00e0 recuperata al pi\u00f9 presto<\/p>\n","protected":false},"excerpt":{"rendered":"<p>AVVISO Dott.ssa Maria Federica Vicario CENTRO LINGUISTICO &#8211; Attivit\u00e0 CEL di LINGUA ITALIANA Livello A2 1\u00b0 semestre Si avvisano gli studenti che l&#8217;attivit\u00e0 in aula oggi, 21 novembre non sar\u00e0 effettuata. sar\u00e0 recuperata al pi\u00f9 presto<\/p>\n","protected":false},"author":21,"featured_media":0,"comment_status":"closed","ping_status":"open","sticky":false,"template":"","format":"standard","meta":[],"categories":[17],"tags":[],"_links":{"self":[{"href":"https:\/\/cla.unipv.it\/index.php?rest_route=\/wp\/v2\/posts\/55250"}],"collection":[{"href":"https:\/\/cla.unipv.it\/index.php?rest_route=\/wp\/v2\/posts"}],"about":[{"href":"https:\/\/cla.unipv.it\/index.php?rest_route=\/wp\/v2\/types\/post"}],"author":[{"embeddable":true,"href":"https:\/\/cla.unipv.it\/index.php?rest_route=\/wp\/v2\/users\/21"}],"replies":[{"embeddable":true,"href":"https:\/\/cla.unipv.it\/index.php?rest_route=%2Fwp%2Fv2%2Fcomments&post=55250"}],"version-history":[{"count":1,"href":"https:\/\/cla.unipv.it\/index.php?rest_route=\/wp\/v2\/posts\/55250\/revisions"}],"predecessor-version":[{"id":55251,"href":"https:\/\/cla.unipv.it\/index.php?rest_route=\/wp\/v2\/posts\/55250\/revisions\/55251"}],"wp:attachment":[{"href":"https:\/\/cla.unipv.it\/index.php?rest_route=%2Fwp%2Fv2%2Fmedia&parent=55250"}],"wp:term":[{"taxonomy":"category","embeddable":true,"href":"https:\/\/cla.unipv.it\/index.php?rest_route=%2Fwp%2Fv2%2Fcategories&post=55250"},{"taxonomy":"post_tag","embeddable":true,"href":"https:\/\/cla.unipv.it\/index.php?rest_route=%2Fwp%2Fv2%2Ftags&post=55250"}],"curies":[{"name":"wp","href":"https:\/\/api.w.org\/{rel}","templated":true}]}}