{"id":55209,"date":"2019-11-15T16:35:38","date_gmt":"2019-11-15T15:35:38","guid":{"rendered":"https:\/\/cla.unipv.it\/?p=55209"},"modified":"2019-11-15T16:35:38","modified_gmt":"2019-11-15T15:35:38","slug":"55209","status":"publish","type":"post","link":"https:\/\/cla.unipv.it\/?p=55209","title":{"rendered":""},"content":{"rendered":"<h3>AVVISO Dott. Carlos A. Jim\u00e9nez Climent<\/h3>\n<p>DIPARTIMENTO DI STUDI UMANISTICI<br \/>\nCorso di Laurea in Lingue e Culture Moderne<br \/>\nAttivit\u00e0 CEL di <b> LINGUA SPAGNOLA 1 <\/b><br \/>\n1\u00b0 semestre <\/p>\n<p>Si avvisano gli studenti che l&#8217;attivit\u00e0 in aula <\/p>\n<p>di luned\u00ec 18 novembre dalle ore 11 alle 13, \u00e8 sospesa. Ci sar\u00e0 una lezione di recupero in data ancora da stabilire.<\/p>\n","protected":false},"excerpt":{"rendered":"<p>AVVISO Dott. Carlos A. Jim\u00e9nez Climent DIPARTIMENTO DI STUDI UMANISTICI Corso di Laurea in Lingue e Culture Moderne Attivit\u00e0 CEL di LINGUA SPAGNOLA 1 1\u00b0 semestre Si avvisano gli studenti che l&#8217;attivit\u00e0 in aula di luned\u00ec 18 novembre dalle ore 11 alle 13, \u00e8 sospesa. Ci sar\u00e0 una lezione di recupero in data ancora da&#8230;<\/p>\n","protected":false},"author":21,"featured_media":0,"comment_status":"closed","ping_status":"open","sticky":false,"template":"","format":"standard","meta":[],"categories":[17],"tags":[],"_links":{"self":[{"href":"https:\/\/cla.unipv.it\/index.php?rest_route=\/wp\/v2\/posts\/55209"}],"collection":[{"href":"https:\/\/cla.unipv.it\/index.php?rest_route=\/wp\/v2\/posts"}],"about":[{"href":"https:\/\/cla.unipv.it\/index.php?rest_route=\/wp\/v2\/types\/post"}],"author":[{"embeddable":true,"href":"https:\/\/cla.unipv.it\/index.php?rest_route=\/wp\/v2\/users\/21"}],"replies":[{"embeddable":true,"href":"https:\/\/cla.unipv.it\/index.php?rest_route=%2Fwp%2Fv2%2Fcomments&post=55209"}],"version-history":[{"count":1,"href":"https:\/\/cla.unipv.it\/index.php?rest_route=\/wp\/v2\/posts\/55209\/revisions"}],"predecessor-version":[{"id":55210,"href":"https:\/\/cla.unipv.it\/index.php?rest_route=\/wp\/v2\/posts\/55209\/revisions\/55210"}],"wp:attachment":[{"href":"https:\/\/cla.unipv.it\/index.php?rest_route=%2Fwp%2Fv2%2Fmedia&parent=55209"}],"wp:term":[{"taxonomy":"category","embeddable":true,"href":"https:\/\/cla.unipv.it\/index.php?rest_route=%2Fwp%2Fv2%2Fcategories&post=55209"},{"taxonomy":"post_tag","embeddable":true,"href":"https:\/\/cla.unipv.it\/index.php?rest_route=%2Fwp%2Fv2%2Ftags&post=55209"}],"curies":[{"name":"wp","href":"https:\/\/api.w.org\/{rel}","templated":true}]}}