{"id":55146,"date":"2019-10-23T10:34:24","date_gmt":"2019-10-23T08:34:24","guid":{"rendered":"https:\/\/cla.unipv.it\/?p=55146"},"modified":"2019-10-23T10:34:24","modified_gmt":"2019-10-23T08:34:24","slug":"55146","status":"publish","type":"post","link":"https:\/\/cla.unipv.it\/?p=55146","title":{"rendered":""},"content":{"rendered":"<h3>AVVISO Dott.ssa A. Berndt<\/h3>\n<p>DIPARTIMENTO DI STUDI UMANISTICI<br \/>\nCorso di Laurea in Lingue e Culture Moderne<br \/>\nAttivit\u00e0 CEL di <b> LINGUA TEDESCA 1 <\/b><br \/>\n1\u00b0 semestre <\/p>\n<p>Si avvisano gli studenti che l&#8217;attivit\u00e0 didattica integrativa in aula <\/p>\n<p>di Tedesco IA Gruppo 1 di gioved\u00ec, 24 ottobre 2019, dalle ore 9 alle ore 11, \u00e8 sospesa per impegni istituzionali. La lezione sar\u00e0 recuperata alla fine del semestre.<\/p>\n","protected":false},"excerpt":{"rendered":"<p>AVVISO Dott.ssa A. Berndt DIPARTIMENTO DI STUDI UMANISTICI Corso di Laurea in Lingue e Culture Moderne Attivit\u00e0 CEL di LINGUA TEDESCA 1 1\u00b0 semestre Si avvisano gli studenti che l&#8217;attivit\u00e0 didattica integrativa in aula di Tedesco IA Gruppo 1 di gioved\u00ec, 24 ottobre 2019, dalle ore 9 alle ore 11, \u00e8 sospesa per impegni istituzionali&#8230;.<\/p>\n","protected":false},"author":14,"featured_media":0,"comment_status":"closed","ping_status":"open","sticky":false,"template":"","format":"standard","meta":[],"categories":[17],"tags":[],"_links":{"self":[{"href":"https:\/\/cla.unipv.it\/index.php?rest_route=\/wp\/v2\/posts\/55146"}],"collection":[{"href":"https:\/\/cla.unipv.it\/index.php?rest_route=\/wp\/v2\/posts"}],"about":[{"href":"https:\/\/cla.unipv.it\/index.php?rest_route=\/wp\/v2\/types\/post"}],"author":[{"embeddable":true,"href":"https:\/\/cla.unipv.it\/index.php?rest_route=\/wp\/v2\/users\/14"}],"replies":[{"embeddable":true,"href":"https:\/\/cla.unipv.it\/index.php?rest_route=%2Fwp%2Fv2%2Fcomments&post=55146"}],"version-history":[{"count":1,"href":"https:\/\/cla.unipv.it\/index.php?rest_route=\/wp\/v2\/posts\/55146\/revisions"}],"predecessor-version":[{"id":55147,"href":"https:\/\/cla.unipv.it\/index.php?rest_route=\/wp\/v2\/posts\/55146\/revisions\/55147"}],"wp:attachment":[{"href":"https:\/\/cla.unipv.it\/index.php?rest_route=%2Fwp%2Fv2%2Fmedia&parent=55146"}],"wp:term":[{"taxonomy":"category","embeddable":true,"href":"https:\/\/cla.unipv.it\/index.php?rest_route=%2Fwp%2Fv2%2Fcategories&post=55146"},{"taxonomy":"post_tag","embeddable":true,"href":"https:\/\/cla.unipv.it\/index.php?rest_route=%2Fwp%2Fv2%2Ftags&post=55146"}],"curies":[{"name":"wp","href":"https:\/\/api.w.org\/{rel}","templated":true}]}}