{"id":55122,"date":"2019-10-21T09:10:22","date_gmt":"2019-10-21T07:10:22","guid":{"rendered":"https:\/\/cla.unipv.it\/?p=55122"},"modified":"2019-10-21T09:10:22","modified_gmt":"2019-10-21T07:10:22","slug":"55122","status":"publish","type":"post","link":"https:\/\/cla.unipv.it\/?p=55122","title":{"rendered":""},"content":{"rendered":"<h3>AVVISO Dott. H. Haidar<\/h3>\n<p>DIPARTIMENTO DI SCIENZE POLITICHE E SOCIALI<br \/>\nCorso di Laurea in Scienze Politiche<br \/>\nAttivit\u00e0 CEL di <b> LINGUA ARABA 1 <\/b><br \/>\n1\u00b0 semestre <\/p>\n<p>Si avvisano gli studenti che l&#8217;attivit\u00e0 didattica integrativa in aula <\/p>\n<p>Beonio Brocchieri \u00e8 sospesa per motivi di salute, la lezione verr\u00e0 recuperata prossimamente.<\/p>\n","protected":false},"excerpt":{"rendered":"<p>AVVISO Dott. H. Haidar DIPARTIMENTO DI SCIENZE POLITICHE E SOCIALI Corso di Laurea in Scienze Politiche Attivit\u00e0 CEL di LINGUA ARABA 1 1\u00b0 semestre Si avvisano gli studenti che l&#8217;attivit\u00e0 didattica integrativa in aula Beonio Brocchieri \u00e8 sospesa per motivi di salute, la lezione verr\u00e0 recuperata prossimamente.<\/p>\n","protected":false},"author":14,"featured_media":0,"comment_status":"closed","ping_status":"open","sticky":false,"template":"","format":"standard","meta":[],"categories":[17],"tags":[],"_links":{"self":[{"href":"https:\/\/cla.unipv.it\/index.php?rest_route=\/wp\/v2\/posts\/55122"}],"collection":[{"href":"https:\/\/cla.unipv.it\/index.php?rest_route=\/wp\/v2\/posts"}],"about":[{"href":"https:\/\/cla.unipv.it\/index.php?rest_route=\/wp\/v2\/types\/post"}],"author":[{"embeddable":true,"href":"https:\/\/cla.unipv.it\/index.php?rest_route=\/wp\/v2\/users\/14"}],"replies":[{"embeddable":true,"href":"https:\/\/cla.unipv.it\/index.php?rest_route=%2Fwp%2Fv2%2Fcomments&post=55122"}],"version-history":[{"count":1,"href":"https:\/\/cla.unipv.it\/index.php?rest_route=\/wp\/v2\/posts\/55122\/revisions"}],"predecessor-version":[{"id":55123,"href":"https:\/\/cla.unipv.it\/index.php?rest_route=\/wp\/v2\/posts\/55122\/revisions\/55123"}],"wp:attachment":[{"href":"https:\/\/cla.unipv.it\/index.php?rest_route=%2Fwp%2Fv2%2Fmedia&parent=55122"}],"wp:term":[{"taxonomy":"category","embeddable":true,"href":"https:\/\/cla.unipv.it\/index.php?rest_route=%2Fwp%2Fv2%2Fcategories&post=55122"},{"taxonomy":"post_tag","embeddable":true,"href":"https:\/\/cla.unipv.it\/index.php?rest_route=%2Fwp%2Fv2%2Ftags&post=55122"}],"curies":[{"name":"wp","href":"https:\/\/api.w.org\/{rel}","templated":true}]}}