{"id":55042,"date":"2019-10-07T10:01:16","date_gmt":"2019-10-07T08:01:16","guid":{"rendered":"https:\/\/cla.unipv.it\/?p=55042"},"modified":"2019-10-07T10:01:16","modified_gmt":"2019-10-07T08:01:16","slug":"55042","status":"publish","type":"post","link":"https:\/\/cla.unipv.it\/?p=55042","title":{"rendered":""},"content":{"rendered":"<h3>AVVISO Dott.ssa A. Berndt<\/h3>\n<p>DIPARTIMENTO DI STUDI UMANISTICI<br \/>\nCorso di Laurea in Lingue e Culture Moderne<br \/>\nAttivit\u00e0 CEL di <b> LINGUA TEDESCA 1 <\/b><br \/>\n1\u00b0 semestre <\/p>\n<p>Si avvisano gli studenti che l&#8217;attivit\u00e0 didattica integrativa in aula <\/p>\n<p>Ted.IA KOMPETENZKURS (solo per i principianti assoluti, per tutte e due i gruppi 1 e 2) \u00e8 stata anticipata alle ore 11 -13 di marted\u00ec in aula SMU. La prima lezione si svolger\u00e0 domani, 8 ottobre 2019.<\/p>\n","protected":false},"excerpt":{"rendered":"<p>AVVISO Dott.ssa A. Berndt DIPARTIMENTO DI STUDI UMANISTICI Corso di Laurea in Lingue e Culture Moderne Attivit\u00e0 CEL di LINGUA TEDESCA 1 1\u00b0 semestre Si avvisano gli studenti che l&#8217;attivit\u00e0 didattica integrativa in aula Ted.IA KOMPETENZKURS (solo per i principianti assoluti, per tutte e due i gruppi 1 e 2) \u00e8 stata anticipata alle ore&#8230;<\/p>\n","protected":false},"author":14,"featured_media":0,"comment_status":"closed","ping_status":"open","sticky":false,"template":"","format":"standard","meta":[],"categories":[17],"tags":[],"_links":{"self":[{"href":"https:\/\/cla.unipv.it\/index.php?rest_route=\/wp\/v2\/posts\/55042"}],"collection":[{"href":"https:\/\/cla.unipv.it\/index.php?rest_route=\/wp\/v2\/posts"}],"about":[{"href":"https:\/\/cla.unipv.it\/index.php?rest_route=\/wp\/v2\/types\/post"}],"author":[{"embeddable":true,"href":"https:\/\/cla.unipv.it\/index.php?rest_route=\/wp\/v2\/users\/14"}],"replies":[{"embeddable":true,"href":"https:\/\/cla.unipv.it\/index.php?rest_route=%2Fwp%2Fv2%2Fcomments&post=55042"}],"version-history":[{"count":1,"href":"https:\/\/cla.unipv.it\/index.php?rest_route=\/wp\/v2\/posts\/55042\/revisions"}],"predecessor-version":[{"id":55043,"href":"https:\/\/cla.unipv.it\/index.php?rest_route=\/wp\/v2\/posts\/55042\/revisions\/55043"}],"wp:attachment":[{"href":"https:\/\/cla.unipv.it\/index.php?rest_route=%2Fwp%2Fv2%2Fmedia&parent=55042"}],"wp:term":[{"taxonomy":"category","embeddable":true,"href":"https:\/\/cla.unipv.it\/index.php?rest_route=%2Fwp%2Fv2%2Fcategories&post=55042"},{"taxonomy":"post_tag","embeddable":true,"href":"https:\/\/cla.unipv.it\/index.php?rest_route=%2Fwp%2Fv2%2Ftags&post=55042"}],"curies":[{"name":"wp","href":"https:\/\/api.w.org\/{rel}","templated":true}]}}