{"id":55003,"date":"2019-09-29T14:56:25","date_gmt":"2019-09-29T12:56:25","guid":{"rendered":"https:\/\/cla.unipv.it\/?p=55003"},"modified":"2019-09-29T14:56:25","modified_gmt":"2019-09-29T12:56:25","slug":"55003","status":"publish","type":"post","link":"https:\/\/cla.unipv.it\/?p=55003","title":{"rendered":""},"content":{"rendered":"<h3>AVVISO Dott. H. Haidar<\/h3>\n<p>DIPARTIMENTO DI SCIENZE POLITICHE E SOCIALI<br \/>\nCorso di Laurea in Scienze Politiche<br \/>\nAttivit\u00e0 CEL di <b> LINGUA ARABA 2 <\/b><br \/>\n1\u00b0 semestre <\/p>\n<p>Si avvisano gli studenti che l&#8217;attivit\u00e0 didattica integrativa in aula <\/p>\n<p>Beonio Brocchieri avr\u00e0 inizio a partire del giorno 30 Settembre 2019 secondo il seguente orario:<br \/>\nLuned\u00ec Arabo II Triennale dalle ore 11 alle ore 14.<br \/>\n Arabo II Corso Avanzato Magistrale dalle ore 14 alle ore 17.<br \/>\nRicevimento presso Aula Beonio Brocchieri dalle ore 10 alle 11 Luned\u00ec e Mercoled\u00ec.<br \/>\nMercoled\u00ec, Arabo I Triennale dalle ore 11 alle ore 14 ( Aula Beonio Brocchieri).<br \/>\nArabo II Corso Avanzato dalle ore 14 alle 17 ( Aula Beonio Brocchieri).<\/p>\n","protected":false},"excerpt":{"rendered":"<p>AVVISO Dott. H. Haidar DIPARTIMENTO DI SCIENZE POLITICHE E SOCIALI Corso di Laurea in Scienze Politiche Attivit\u00e0 CEL di LINGUA ARABA 2 1\u00b0 semestre Si avvisano gli studenti che l&#8217;attivit\u00e0 didattica integrativa in aula Beonio Brocchieri avr\u00e0 inizio a partire del giorno 30 Settembre 2019 secondo il seguente orario: Luned\u00ec Arabo II Triennale dalle ore&#8230;<\/p>\n","protected":false},"author":14,"featured_media":0,"comment_status":"closed","ping_status":"open","sticky":false,"template":"","format":"standard","meta":[],"categories":[17],"tags":[],"_links":{"self":[{"href":"https:\/\/cla.unipv.it\/index.php?rest_route=\/wp\/v2\/posts\/55003"}],"collection":[{"href":"https:\/\/cla.unipv.it\/index.php?rest_route=\/wp\/v2\/posts"}],"about":[{"href":"https:\/\/cla.unipv.it\/index.php?rest_route=\/wp\/v2\/types\/post"}],"author":[{"embeddable":true,"href":"https:\/\/cla.unipv.it\/index.php?rest_route=\/wp\/v2\/users\/14"}],"replies":[{"embeddable":true,"href":"https:\/\/cla.unipv.it\/index.php?rest_route=%2Fwp%2Fv2%2Fcomments&post=55003"}],"version-history":[{"count":1,"href":"https:\/\/cla.unipv.it\/index.php?rest_route=\/wp\/v2\/posts\/55003\/revisions"}],"predecessor-version":[{"id":55004,"href":"https:\/\/cla.unipv.it\/index.php?rest_route=\/wp\/v2\/posts\/55003\/revisions\/55004"}],"wp:attachment":[{"href":"https:\/\/cla.unipv.it\/index.php?rest_route=%2Fwp%2Fv2%2Fmedia&parent=55003"}],"wp:term":[{"taxonomy":"category","embeddable":true,"href":"https:\/\/cla.unipv.it\/index.php?rest_route=%2Fwp%2Fv2%2Fcategories&post=55003"},{"taxonomy":"post_tag","embeddable":true,"href":"https:\/\/cla.unipv.it\/index.php?rest_route=%2Fwp%2Fv2%2Ftags&post=55003"}],"curies":[{"name":"wp","href":"https:\/\/api.w.org\/{rel}","templated":true}]}}