{"id":54963,"date":"2019-09-11T13:48:23","date_gmt":"2019-09-11T11:48:23","guid":{"rendered":"https:\/\/cla.unipv.it\/?p=54963"},"modified":"2019-09-11T13:48:23","modified_gmt":"2019-09-11T11:48:23","slug":"54963","status":"publish","type":"post","link":"https:\/\/cla.unipv.it\/?p=54963","title":{"rendered":""},"content":{"rendered":"<h3>AVVISO Dott.ssa M. Mazzuchelli<\/h3>\n<p>DIPARTIMENTO DI STUDI UMANISTICI<br \/>\nCorso di Laurea in Lingue e Culture Moderne<br \/>\nAttivit\u00e0 CEL di <b> LINGUA SPAGNOLA 3 <\/b><br \/>\n1\u00b0 semestre <\/p>\n<p>Si avvisano gli studenti che l&#8217;attivit\u00e0 didattica integrativa in aula <\/p>\n<p>inizier\u00e0 nella settimana del 30 settembre.<\/p>\n<p>Si comunica altres\u00ec il seguente seminario di studi di interesse per gli studenti:<\/p>\n<p>SALVADOR GUTI\u00c9RREZ ORD\u00d3\u00d1EZ<br \/>\nLa Real Academia Espa\u00f1ola de la Lengua come centro di studio e di ricerca. Marted\u00ec 24 e Mercoled\u00ec 25 settembre 2019. Ore 9:00 &#8211; 13:00<br \/>\nAula Grande di Scienze Politiche &#8211; Universit\u00e0 degli Studi di Pavia<br \/>\nPer ragioni organizzative si prega di confermare la propria presenza all\u2019indirizzo elettronico:<br \/>\n.<\/p>\n","protected":false},"excerpt":{"rendered":"<p>AVVISO Dott.ssa M. Mazzuchelli DIPARTIMENTO DI STUDI UMANISTICI Corso di Laurea in Lingue e Culture Moderne Attivit\u00e0 CEL di LINGUA SPAGNOLA 3 1\u00b0 semestre Si avvisano gli studenti che l&#8217;attivit\u00e0 didattica integrativa in aula inizier\u00e0 nella settimana del 30 settembre. Si comunica altres\u00ec il seguente seminario di studi di interesse per gli studenti: SALVADOR GUTI\u00c9RREZ&#8230;<\/p>\n","protected":false},"author":14,"featured_media":0,"comment_status":"closed","ping_status":"open","sticky":false,"template":"","format":"standard","meta":[],"categories":[17],"tags":[],"_links":{"self":[{"href":"https:\/\/cla.unipv.it\/index.php?rest_route=\/wp\/v2\/posts\/54963"}],"collection":[{"href":"https:\/\/cla.unipv.it\/index.php?rest_route=\/wp\/v2\/posts"}],"about":[{"href":"https:\/\/cla.unipv.it\/index.php?rest_route=\/wp\/v2\/types\/post"}],"author":[{"embeddable":true,"href":"https:\/\/cla.unipv.it\/index.php?rest_route=\/wp\/v2\/users\/14"}],"replies":[{"embeddable":true,"href":"https:\/\/cla.unipv.it\/index.php?rest_route=%2Fwp%2Fv2%2Fcomments&post=54963"}],"version-history":[{"count":1,"href":"https:\/\/cla.unipv.it\/index.php?rest_route=\/wp\/v2\/posts\/54963\/revisions"}],"predecessor-version":[{"id":54964,"href":"https:\/\/cla.unipv.it\/index.php?rest_route=\/wp\/v2\/posts\/54963\/revisions\/54964"}],"wp:attachment":[{"href":"https:\/\/cla.unipv.it\/index.php?rest_route=%2Fwp%2Fv2%2Fmedia&parent=54963"}],"wp:term":[{"taxonomy":"category","embeddable":true,"href":"https:\/\/cla.unipv.it\/index.php?rest_route=%2Fwp%2Fv2%2Fcategories&post=54963"},{"taxonomy":"post_tag","embeddable":true,"href":"https:\/\/cla.unipv.it\/index.php?rest_route=%2Fwp%2Fv2%2Ftags&post=54963"}],"curies":[{"name":"wp","href":"https:\/\/api.w.org\/{rel}","templated":true}]}}