{"id":54827,"date":"2019-07-07T10:09:16","date_gmt":"2019-07-07T08:09:16","guid":{"rendered":"https:\/\/cla.unipv.it\/?p=54827"},"modified":"2019-07-07T10:09:16","modified_gmt":"2019-07-07T08:09:16","slug":"54827","status":"publish","type":"post","link":"https:\/\/cla.unipv.it\/?p=54827","title":{"rendered":""},"content":{"rendered":"<h3>AVVISO Dott. H. Haidar<\/h3>\n<p>DIPARTIMENTO DI SCIENZE POLITICHE E SOCIALI<br \/>\nCorso di Laurea in Scienze Politiche<br \/>\nAttivit\u00e0 CEL di <b> LINGUA ARABA 2 e 3 <\/b><br \/>\n2\u00b0 semestre <\/p>\n<p>Si avvisano gli studenti che il ricevimento <\/p>\n<p>di Lingua Araba  del giorno Marted\u00ec 9 Luglio 2019  \u00e8 fissato dalle ore 11 alle ore 14 presso il Centro Linguistico.<br \/>\n Mercoled\u00ec 11 Luglio 2019 dalle ore 14 alle 17 presso il Centro Linguistico.<\/p>\n","protected":false},"excerpt":{"rendered":"<p>AVVISO Dott. H. Haidar DIPARTIMENTO DI SCIENZE POLITICHE E SOCIALI Corso di Laurea in Scienze Politiche Attivit\u00e0 CEL di LINGUA ARABA 2 e 3 2\u00b0 semestre Si avvisano gli studenti che il ricevimento di Lingua Araba del giorno Marted\u00ec 9 Luglio 2019 \u00e8 fissato dalle ore 11 alle ore 14 presso il Centro Linguistico. Mercoled\u00ec&#8230;<\/p>\n","protected":false},"author":14,"featured_media":0,"comment_status":"closed","ping_status":"open","sticky":false,"template":"","format":"standard","meta":[],"categories":[17],"tags":[],"_links":{"self":[{"href":"https:\/\/cla.unipv.it\/index.php?rest_route=\/wp\/v2\/posts\/54827"}],"collection":[{"href":"https:\/\/cla.unipv.it\/index.php?rest_route=\/wp\/v2\/posts"}],"about":[{"href":"https:\/\/cla.unipv.it\/index.php?rest_route=\/wp\/v2\/types\/post"}],"author":[{"embeddable":true,"href":"https:\/\/cla.unipv.it\/index.php?rest_route=\/wp\/v2\/users\/14"}],"replies":[{"embeddable":true,"href":"https:\/\/cla.unipv.it\/index.php?rest_route=%2Fwp%2Fv2%2Fcomments&post=54827"}],"version-history":[{"count":1,"href":"https:\/\/cla.unipv.it\/index.php?rest_route=\/wp\/v2\/posts\/54827\/revisions"}],"predecessor-version":[{"id":54828,"href":"https:\/\/cla.unipv.it\/index.php?rest_route=\/wp\/v2\/posts\/54827\/revisions\/54828"}],"wp:attachment":[{"href":"https:\/\/cla.unipv.it\/index.php?rest_route=%2Fwp%2Fv2%2Fmedia&parent=54827"}],"wp:term":[{"taxonomy":"category","embeddable":true,"href":"https:\/\/cla.unipv.it\/index.php?rest_route=%2Fwp%2Fv2%2Fcategories&post=54827"},{"taxonomy":"post_tag","embeddable":true,"href":"https:\/\/cla.unipv.it\/index.php?rest_route=%2Fwp%2Fv2%2Ftags&post=54827"}],"curies":[{"name":"wp","href":"https:\/\/api.w.org\/{rel}","templated":true}]}}