{"id":54816,"date":"2019-07-01T11:15:49","date_gmt":"2019-07-01T09:15:49","guid":{"rendered":"https:\/\/cla.unipv.it\/?p=54816"},"modified":"2023-07-19T13:42:44","modified_gmt":"2023-07-19T11:42:44","slug":"54816","status":"publish","type":"post","link":"https:\/\/cla.unipv.it\/?p=54816","title":{"rendered":"Orario estivo 2023"},"content":{"rendered":"<p style=\"text-align: left;\">Si avvisano gli utenti che nel mese di agosto il Centro Linguistico Laboratori sar\u00e0 aperto col seguente orario:<\/p>\n<p style=\"text-align: left;\"><strong>1 &#8211; 23 AGOSTO<\/strong>\u00a0<strong><br \/>\n<\/strong>luned\u00ec &#8211; venerd\u00ec 9.00-12.00 e 13.00-16.00<strong><br \/>\n<\/strong><\/p>\n<p style=\"text-align: left;\"><strong>14 &#8211; 18 AGOSTO<br \/>\nchiusura d&#8217;Ateneo<\/strong><\/p>\n<p><strong>Dal 24 AGOSTO<\/strong><br \/>\nluned\u00ec &#8211; venerd\u00ec 9.00-12.00 e 13.00-19.00<\/p>\n","protected":false},"excerpt":{"rendered":"<p>Si avvisano gli utenti che nel mese di agosto il Centro Linguistico Laboratori sar\u00e0 aperto col seguente orario: 1 &#8211; 23 AGOSTO\u00a0 luned\u00ec &#8211; venerd\u00ec 9.00-12.00 e 13.00-16.00 14 &#8211; 18 AGOSTO chiusura d&#8217;Ateneo Dal 24 AGOSTO luned\u00ec &#8211; venerd\u00ec 9.00-12.00 e 13.00-19.00<\/p>\n","protected":false},"author":8,"featured_media":0,"comment_status":"closed","ping_status":"open","sticky":false,"template":"","format":"standard","meta":[],"categories":[35],"tags":[],"_links":{"self":[{"href":"https:\/\/cla.unipv.it\/index.php?rest_route=\/wp\/v2\/posts\/54816"}],"collection":[{"href":"https:\/\/cla.unipv.it\/index.php?rest_route=\/wp\/v2\/posts"}],"about":[{"href":"https:\/\/cla.unipv.it\/index.php?rest_route=\/wp\/v2\/types\/post"}],"author":[{"embeddable":true,"href":"https:\/\/cla.unipv.it\/index.php?rest_route=\/wp\/v2\/users\/8"}],"replies":[{"embeddable":true,"href":"https:\/\/cla.unipv.it\/index.php?rest_route=%2Fwp%2Fv2%2Fcomments&post=54816"}],"version-history":[{"count":15,"href":"https:\/\/cla.unipv.it\/index.php?rest_route=\/wp\/v2\/posts\/54816\/revisions"}],"predecessor-version":[{"id":58383,"href":"https:\/\/cla.unipv.it\/index.php?rest_route=\/wp\/v2\/posts\/54816\/revisions\/58383"}],"wp:attachment":[{"href":"https:\/\/cla.unipv.it\/index.php?rest_route=%2Fwp%2Fv2%2Fmedia&parent=54816"}],"wp:term":[{"taxonomy":"category","embeddable":true,"href":"https:\/\/cla.unipv.it\/index.php?rest_route=%2Fwp%2Fv2%2Fcategories&post=54816"},{"taxonomy":"post_tag","embeddable":true,"href":"https:\/\/cla.unipv.it\/index.php?rest_route=%2Fwp%2Fv2%2Ftags&post=54816"}],"curies":[{"name":"wp","href":"https:\/\/api.w.org\/{rel}","templated":true}]}}