{"id":54771,"date":"2019-06-03T06:38:55","date_gmt":"2019-06-03T04:38:55","guid":{"rendered":"https:\/\/cla.unipv.it\/?p=54771"},"modified":"2019-06-03T06:38:55","modified_gmt":"2019-06-03T04:38:55","slug":"54771","status":"publish","type":"post","link":"https:\/\/cla.unipv.it\/?p=54771","title":{"rendered":""},"content":{"rendered":"<h3>AVVISO Dott.ssa D. Correia<\/h3>\n<p>DIPARTIMENTO DI STUDI UMANISTICI<br \/>\nCorso di Laurea in Lingue e Culture Moderne<br \/>\nAttivit\u00e0 CEL di <b> LINGUA PORTOGHESE &#8211; <\/b><br \/>\n&#8211; <\/p>\n<p>Si avvisano gli studenti che il ricevimento <\/p>\n<p>di oggi, luned\u00ec 3 giugno, \u00e8 confermato.<\/p>\n","protected":false},"excerpt":{"rendered":"<p>AVVISO Dott.ssa D. Correia DIPARTIMENTO DI STUDI UMANISTICI Corso di Laurea in Lingue e Culture Moderne Attivit\u00e0 CEL di LINGUA PORTOGHESE &#8211; &#8211; Si avvisano gli studenti che il ricevimento di oggi, luned\u00ec 3 giugno, \u00e8 confermato.<\/p>\n","protected":false},"author":14,"featured_media":0,"comment_status":"closed","ping_status":"open","sticky":false,"template":"","format":"standard","meta":[],"categories":[17],"tags":[],"_links":{"self":[{"href":"https:\/\/cla.unipv.it\/index.php?rest_route=\/wp\/v2\/posts\/54771"}],"collection":[{"href":"https:\/\/cla.unipv.it\/index.php?rest_route=\/wp\/v2\/posts"}],"about":[{"href":"https:\/\/cla.unipv.it\/index.php?rest_route=\/wp\/v2\/types\/post"}],"author":[{"embeddable":true,"href":"https:\/\/cla.unipv.it\/index.php?rest_route=\/wp\/v2\/users\/14"}],"replies":[{"embeddable":true,"href":"https:\/\/cla.unipv.it\/index.php?rest_route=%2Fwp%2Fv2%2Fcomments&post=54771"}],"version-history":[{"count":1,"href":"https:\/\/cla.unipv.it\/index.php?rest_route=\/wp\/v2\/posts\/54771\/revisions"}],"predecessor-version":[{"id":54772,"href":"https:\/\/cla.unipv.it\/index.php?rest_route=\/wp\/v2\/posts\/54771\/revisions\/54772"}],"wp:attachment":[{"href":"https:\/\/cla.unipv.it\/index.php?rest_route=%2Fwp%2Fv2%2Fmedia&parent=54771"}],"wp:term":[{"taxonomy":"category","embeddable":true,"href":"https:\/\/cla.unipv.it\/index.php?rest_route=%2Fwp%2Fv2%2Fcategories&post=54771"},{"taxonomy":"post_tag","embeddable":true,"href":"https:\/\/cla.unipv.it\/index.php?rest_route=%2Fwp%2Fv2%2Ftags&post=54771"}],"curies":[{"name":"wp","href":"https:\/\/api.w.org\/{rel}","templated":true}]}}