{"id":54724,"date":"2019-05-17T09:33:05","date_gmt":"2019-05-17T07:33:05","guid":{"rendered":"https:\/\/cla.unipv.it\/?p=54724"},"modified":"2019-05-17T09:33:05","modified_gmt":"2019-05-17T07:33:05","slug":"chiusura-centro-22-e-23-maggio-2019","status":"publish","type":"post","link":"https:\/\/cla.unipv.it\/?p=54724","title":{"rendered":"Chiusura Centro 22 e 23 maggio 2019"},"content":{"rendered":"<p>Si avvisano gli utenti che il Centro Linguistico Laboratori chiuder\u00e0 al pubblico per consentire lo svolgimento degli esami di certificazione IELTS nelle seguenti giornate:<\/p>\n<ul>\n<li>mercoled\u00ec 22 maggio tutto il giorno<\/li>\n<li>gioved\u00ec 23 maggio dalle ore 13.00 in poi.<\/li>\n<\/ul>\n","protected":false},"excerpt":{"rendered":"<p>Si avvisano gli utenti che il Centro Linguistico Laboratori chiuder\u00e0 al pubblico per consentire lo svolgimento degli esami di certificazione IELTS nelle seguenti giornate: mercoled\u00ec 22 maggio tutto il giorno gioved\u00ec 23 maggio dalle ore 13.00 in poi.<\/p>\n","protected":false},"author":7,"featured_media":0,"comment_status":"closed","ping_status":"open","sticky":false,"template":"","format":"standard","meta":[],"categories":[17],"tags":[],"_links":{"self":[{"href":"https:\/\/cla.unipv.it\/index.php?rest_route=\/wp\/v2\/posts\/54724"}],"collection":[{"href":"https:\/\/cla.unipv.it\/index.php?rest_route=\/wp\/v2\/posts"}],"about":[{"href":"https:\/\/cla.unipv.it\/index.php?rest_route=\/wp\/v2\/types\/post"}],"author":[{"embeddable":true,"href":"https:\/\/cla.unipv.it\/index.php?rest_route=\/wp\/v2\/users\/7"}],"replies":[{"embeddable":true,"href":"https:\/\/cla.unipv.it\/index.php?rest_route=%2Fwp%2Fv2%2Fcomments&post=54724"}],"version-history":[{"count":1,"href":"https:\/\/cla.unipv.it\/index.php?rest_route=\/wp\/v2\/posts\/54724\/revisions"}],"predecessor-version":[{"id":54725,"href":"https:\/\/cla.unipv.it\/index.php?rest_route=\/wp\/v2\/posts\/54724\/revisions\/54725"}],"wp:attachment":[{"href":"https:\/\/cla.unipv.it\/index.php?rest_route=%2Fwp%2Fv2%2Fmedia&parent=54724"}],"wp:term":[{"taxonomy":"category","embeddable":true,"href":"https:\/\/cla.unipv.it\/index.php?rest_route=%2Fwp%2Fv2%2Fcategories&post=54724"},{"taxonomy":"post_tag","embeddable":true,"href":"https:\/\/cla.unipv.it\/index.php?rest_route=%2Fwp%2Fv2%2Ftags&post=54724"}],"curies":[{"name":"wp","href":"https:\/\/api.w.org\/{rel}","templated":true}]}}